{"id":889,"date":"2024-05-25T00:18:35","date_gmt":"2024-05-24T22:18:35","guid":{"rendered":"https:\/\/periodicolarepublica.com\/?p=889"},"modified":"2024-05-25T00:18:35","modified_gmt":"2024-05-24T22:18:35","slug":"alcaldesa-betty-geronimo-recibe-alex-mordan-de-oportunidad-14-24","status":"publish","type":"post","link":"https:\/\/periodicolarepublica.com\/index.php\/2024\/05\/25\/alcaldesa-betty-geronimo-recibe-alex-mordan-de-oportunidad-14-24\/","title":{"rendered":"Alcaldesa Betty Ger\u00f3nimo recibe Alex Mordan de Oportunidad 14-24"},"content":{"rendered":"<p>La alcaldesa Betty Ger\u00f3nimo recibi\u00f3 la visita del director del programa oportunidad 14-24, Alex Mordan, en las oficinas del Ayuntamiento. La reuni\u00f3n tuvo como objetivo discutir los planes y proyectos que el programa tiene para el municipio y c\u00f3mo trabajar en conjunto para beneficiar a la comunidad.<\/p>\n<p><img loading=\"lazy\" decoding=\"async\" class=\"alignnone size-medium wp-image-890\" src=\"https:\/\/periodicolarepublica.com\/wp-content\/uploads\/2024\/05\/IMG_20240524_181643-300x181.jpg\" alt=\"\" width=\"300\" height=\"181\" \/><\/p>\n<p>El programa 14-24, cuya misi\u00f3n es apoyar a los j\u00f3venes en su desarrollo personal y profesional, est\u00e1 interesado en colaborar con el municipio para implementar iniciativas que fomenten la inclusi\u00f3n social, la educaci\u00f3n y el empleo de los j\u00f3venes en la localidad. Durante la reuni\u00f3n, se discutieron posibles programas de formaci\u00f3n, capacitaci\u00f3n laboral y actividades recreativas que puedan ser implementadas en el municipio.<\/p>\n<p>La alcaldesa Betty Ger\u00f3nimo expres\u00f3 su entusiasmo por la propuesta del programa 14-24 y se comprometi\u00f3 a trabajar en conjunto para llevar a cabo los proyectos propuestos. Destac\u00f3 la importancia de brindar oportunidades para el desarrollo de los j\u00f3venes y asegur\u00f3 que el municipio apoyar\u00e1 todas las iniciativas que beneficien a la comunidad.<\/p>\n<p>Por su parte, Alex Mordan resalt\u00f3 la importancia de la colaboraci\u00f3n entre el programa 14-24 y las autoridades locales para lograr un impacto positivo en la vida de los j\u00f3venes. Destac\u00f3 el compromiso del programa en trabajar de manera coordinada con el municipio para implementar acciones concretas que beneficien a la comunidad.<\/p>\n<p>En resumen, la visita de Alex Mordan, director del programa 14-24, a la alcaldesa Betty Ger\u00f3nimo en las oficinas del Ayuntamiento fue un paso importante para fortalecer la colaboraci\u00f3n entre ambas partes y trabajar juntos en la implementaci\u00f3n de proyectos que beneficien a los j\u00f3venes del municipio.<\/p>\n","protected":false},"excerpt":{"rendered":"<p>La alcaldesa Betty Ger\u00f3nimo recibi\u00f3 la visita del director del programa oportunidad 14-24, Alex Mordan, en las oficinas del Ayuntamiento. La reuni\u00f3n tuvo como objetivo discutir los planes y proyectos que el programa tiene para el municipio y c\u00f3mo trabajar en conjunto para beneficiar a la comunidad. El programa 14-24, cuya misi\u00f3n es apoyar a [&hellip;]<\/p>\n","protected":false},"author":1,"featured_media":890,"comment_status":"open","ping_status":"open","sticky":false,"template":"","format":"standard","meta":{"om_disable_all_campaigns":false,"_monsterinsights_skip_tracking":false,"_monsterinsights_sitenote_active":false,"_monsterinsights_sitenote_note":"","_monsterinsights_sitenote_category":0,"footnotes":""},"categories":[1],"tags":[215,173,216],"class_list":{"0":"post-889","1":"post","2":"type-post","3":"status-publish","4":"format-standard","5":"has-post-thumbnail","7":"category-nacionales","8":"tag-alex-mordan","9":"tag-betty-geronimo","10":"tag-oportunidad-14-24"},"aioseo_notices":[],"_links":{"self":[{"href":"https:\/\/periodicolarepublica.com\/index.php\/wp-json\/wp\/v2\/posts\/889","targetHints":{"allow":["GET"]}}],"collection":[{"href":"https:\/\/periodicolarepublica.com\/index.php\/wp-json\/wp\/v2\/posts"}],"about":[{"href":"https:\/\/periodicolarepublica.com\/index.php\/wp-json\/wp\/v2\/types\/post"}],"author":[{"embeddable":true,"href":"https:\/\/periodicolarepublica.com\/index.php\/wp-json\/wp\/v2\/users\/1"}],"replies":[{"embeddable":true,"href":"https:\/\/periodicolarepublica.com\/index.php\/wp-json\/wp\/v2\/comments?post=889"}],"version-history":[{"count":1,"href":"https:\/\/periodicolarepublica.com\/index.php\/wp-json\/wp\/v2\/posts\/889\/revisions"}],"predecessor-version":[{"id":891,"href":"https:\/\/periodicolarepublica.com\/index.php\/wp-json\/wp\/v2\/posts\/889\/revisions\/891"}],"wp:featuredmedia":[{"embeddable":true,"href":"https:\/\/periodicolarepublica.com\/index.php\/wp-json\/wp\/v2\/media\/890"}],"wp:attachment":[{"href":"https:\/\/periodicolarepublica.com\/index.php\/wp-json\/wp\/v2\/media?parent=889"}],"wp:term":[{"taxonomy":"category","embeddable":true,"href":"https:\/\/periodicolarepublica.com\/index.php\/wp-json\/wp\/v2\/categories?post=889"},{"taxonomy":"post_tag","embeddable":true,"href":"https:\/\/periodicolarepublica.com\/index.php\/wp-json\/wp\/v2\/tags?post=889"}],"curies":[{"name":"wp","href":"https:\/\/api.w.org\/{rel}","templated":true}]}}