{"id":892,"date":"2024-05-25T05:34:08","date_gmt":"2024-05-25T03:34:08","guid":{"rendered":"https:\/\/periodicolarepublica.com\/?p=892"},"modified":"2024-05-25T05:34:08","modified_gmt":"2024-05-25T03:34:08","slug":"asi-es-avion-que-viajo-el-presidente-luis-abinader-con-su-familia-a-italia","status":"publish","type":"post","link":"https:\/\/periodicolarepublica.com\/index.php\/2024\/05\/25\/asi-es-avion-que-viajo-el-presidente-luis-abinader-con-su-familia-a-italia\/","title":{"rendered":"As\u00ed es avi\u00f3n que viaj\u00f3 el Presidente Luis Abinader con su familia a Italia"},"content":{"rendered":"<p>El presidente Luis Abinader, junto a su familia, ha realizado un viaje a Italia a bordo del avi\u00f3n marca Gulfstream matr\u00edcula N565JT,\u00a0 con el objetivo de llevar a cabo importantes reuniones en el Vaticano y otras diligencias en Portugal.<\/p>\n<p><img loading=\"lazy\" decoding=\"async\" class=\"alignnone size-medium wp-image-893\" src=\"https:\/\/periodicolarepublica.com\/wp-content\/uploads\/2024\/05\/Picsart_24-05-24_23-31-22-167-300x227.jpg\" alt=\"\" width=\"300\" height=\"227\" srcset=\"https:\/\/periodicolarepublica.com\/wp-content\/uploads\/2024\/05\/Picsart_24-05-24_23-31-22-167-300x227.jpg?v=1716607965 300w, https:\/\/periodicolarepublica.com\/wp-content\/uploads\/2024\/05\/Picsart_24-05-24_23-31-22-167-1024x776.jpg?v=1716607965 1024w, https:\/\/periodicolarepublica.com\/wp-content\/uploads\/2024\/05\/Picsart_24-05-24_23-31-22-167-768x582.jpg?v=1716607965 768w, https:\/\/periodicolarepublica.com\/wp-content\/uploads\/2024\/05\/Picsart_24-05-24_23-31-22-167-1536x1164.jpg?v=1716607965 1536w, https:\/\/periodicolarepublica.com\/wp-content\/uploads\/2024\/05\/Picsart_24-05-24_23-31-22-167-2048x1552.jpg?v=1716607965 2048w, https:\/\/periodicolarepublica.com\/wp-content\/uploads\/2024\/05\/Picsart_24-05-24_23-31-22-167-150x114.jpg?v=1716607965 150w, https:\/\/periodicolarepublica.com\/wp-content\/uploads\/2024\/05\/Picsart_24-05-24_23-31-22-167-600x455.jpg?v=1716607965 600w, https:\/\/periodicolarepublica.com\/wp-content\/uploads\/2024\/05\/Picsart_24-05-24_23-31-22-167-696x527.jpg?v=1716607965 696w, https:\/\/periodicolarepublica.com\/wp-content\/uploads\/2024\/05\/Picsart_24-05-24_23-31-22-167-1392x1055.jpg?v=1716607965 1392w, https:\/\/periodicolarepublica.com\/wp-content\/uploads\/2024\/05\/Picsart_24-05-24_23-31-22-167-1068x809.jpg?v=1716607965 1068w, https:\/\/periodicolarepublica.com\/wp-content\/uploads\/2024\/05\/Picsart_24-05-24_23-31-22-167-1920x1455.jpg?v=1716607965 1920w\" sizes=\"auto, (max-width: 300px) 100vw, 300px\" \/><\/p>\n<p>El avi\u00f3n Gulfstream N565JT es reconocido por ser uno de los aviones m\u00e1s lujosos y exclusivos del mundo. Con una capacidad para hasta 19 pasajeros, este avi\u00f3n cuenta con todas las comodidades y lujos posibles para hacer de cada viaje una experiencia inigualable, segun lo encontrado en la pagina www.aviapages.com, la cual da detalles y fotograf\u00edas de la aeronave.<\/p>\n<p>Equipado con tecnolog\u00eda de \u00faltima generaci\u00f3n, asientos de cuero de la m\u00e1s alta calidad, sistemas de entretenimiento de primera clase y un servicio impecable a bordo, el avi\u00f3n Gulfstream N565JT ofrece un nivel de comodidad y lujo que no se encuentra en cualquier otro medio de transporte.<\/p>\n","protected":false},"excerpt":{"rendered":"<p>El presidente Luis Abinader, junto a su familia, ha realizado un viaje a Italia a bordo del avi\u00f3n marca Gulfstream matr\u00edcula N565JT,\u00a0 con el objetivo de llevar a cabo importantes reuniones en el Vaticano y otras diligencias en Portugal. El avi\u00f3n Gulfstream N565JT es reconocido por ser uno de los aviones m\u00e1s lujosos y exclusivos [&hellip;]<\/p>\n","protected":false},"author":1,"featured_media":893,"comment_status":"open","ping_status":"open","sticky":false,"template":"","format":"standard","meta":{"om_disable_all_campaigns":false,"_monsterinsights_skip_tracking":false,"_monsterinsights_sitenote_active":false,"_monsterinsights_sitenote_note":"","_monsterinsights_sitenote_category":0,"footnotes":""},"categories":[1],"tags":[217,219,85,218],"class_list":{"0":"post-892","1":"post","2":"type-post","3":"status-publish","4":"format-standard","5":"has-post-thumbnail","7":"category-nacionales","8":"tag-el-papa","9":"tag-gulfstream","10":"tag-luis-abinader","11":"tag-vaticano"},"aioseo_notices":[],"_links":{"self":[{"href":"https:\/\/periodicolarepublica.com\/index.php\/wp-json\/wp\/v2\/posts\/892","targetHints":{"allow":["GET"]}}],"collection":[{"href":"https:\/\/periodicolarepublica.com\/index.php\/wp-json\/wp\/v2\/posts"}],"about":[{"href":"https:\/\/periodicolarepublica.com\/index.php\/wp-json\/wp\/v2\/types\/post"}],"author":[{"embeddable":true,"href":"https:\/\/periodicolarepublica.com\/index.php\/wp-json\/wp\/v2\/users\/1"}],"replies":[{"embeddable":true,"href":"https:\/\/periodicolarepublica.com\/index.php\/wp-json\/wp\/v2\/comments?post=892"}],"version-history":[{"count":1,"href":"https:\/\/periodicolarepublica.com\/index.php\/wp-json\/wp\/v2\/posts\/892\/revisions"}],"predecessor-version":[{"id":894,"href":"https:\/\/periodicolarepublica.com\/index.php\/wp-json\/wp\/v2\/posts\/892\/revisions\/894"}],"wp:featuredmedia":[{"embeddable":true,"href":"https:\/\/periodicolarepublica.com\/index.php\/wp-json\/wp\/v2\/media\/893"}],"wp:attachment":[{"href":"https:\/\/periodicolarepublica.com\/index.php\/wp-json\/wp\/v2\/media?parent=892"}],"wp:term":[{"taxonomy":"category","embeddable":true,"href":"https:\/\/periodicolarepublica.com\/index.php\/wp-json\/wp\/v2\/categories?post=892"},{"taxonomy":"post_tag","embeddable":true,"href":"https:\/\/periodicolarepublica.com\/index.php\/wp-json\/wp\/v2\/tags?post=892"}],"curies":[{"name":"wp","href":"https:\/\/api.w.org\/{rel}","templated":true}]}}