{"id":896,"date":"2024-05-25T21:42:08","date_gmt":"2024-05-25T19:42:08","guid":{"rendered":"https:\/\/periodicolarepublica.com\/?p=896"},"modified":"2024-05-25T21:42:08","modified_gmt":"2024-05-25T19:42:08","slug":"ministro-de-salud-publica-llama-a-la-poblacion-a-tomar-medidas-ante-la-temporada-de-virus-gripales","status":"publish","type":"post","link":"https:\/\/periodicolarepublica.com\/index.php\/2024\/05\/25\/ministro-de-salud-publica-llama-a-la-poblacion-a-tomar-medidas-ante-la-temporada-de-virus-gripales\/","title":{"rendered":"Ministro de Salud P\u00fablica llama a la poblaci\u00f3n a tomar medidas ante la temporada de virus gripales"},"content":{"rendered":"\r\n<p><img loading=\"lazy\" decoding=\"async\" class=\"size-medium wp-image-901 alignright\" src=\"https:\/\/periodicolarepublica.com\/wp-content\/uploads\/2024\/05\/IMG-20240522-WA0136-300x224.jpg\" alt=\"\" width=\"300\" height=\"224\" srcset=\"https:\/\/periodicolarepublica.com\/wp-content\/uploads\/2024\/05\/IMG-20240522-WA0136-300x224.jpg?v=1716666098 300w, https:\/\/periodicolarepublica.com\/wp-content\/uploads\/2024\/05\/IMG-20240522-WA0136-1024x764.jpg?v=1716666098 1024w, https:\/\/periodicolarepublica.com\/wp-content\/uploads\/2024\/05\/IMG-20240522-WA0136-768x573.jpg?v=1716666098 768w, https:\/\/periodicolarepublica.com\/wp-content\/uploads\/2024\/05\/IMG-20240522-WA0136-150x112.jpg?v=1716666098 150w, https:\/\/periodicolarepublica.com\/wp-content\/uploads\/2024\/05\/IMG-20240522-WA0136-600x448.jpg?v=1716666098 600w, https:\/\/periodicolarepublica.com\/wp-content\/uploads\/2024\/05\/IMG-20240522-WA0136-485x360.jpg?v=1716666098 485w, https:\/\/periodicolarepublica.com\/wp-content\/uploads\/2024\/05\/IMG-20240522-WA0136-970x720.jpg?v=1716666098 970w, https:\/\/periodicolarepublica.com\/wp-content\/uploads\/2024\/05\/IMG-20240522-WA0136-696x519.jpg?v=1716666098 696w, https:\/\/periodicolarepublica.com\/wp-content\/uploads\/2024\/05\/IMG-20240522-WA0136-1068x797.jpg?v=1716666098 1068w, https:\/\/periodicolarepublica.com\/wp-content\/uploads\/2024\/05\/IMG-20240522-WA0136-265x198.jpg?v=1716666098 265w, https:\/\/periodicolarepublica.com\/wp-content\/uploads\/2024\/05\/IMG-20240522-WA0136-530x396.jpg?v=1716666098 530w, https:\/\/periodicolarepublica.com\/wp-content\/uploads\/2024\/05\/IMG-20240522-WA0136.jpg?v=1716666098 1080w\" sizes=\"auto, (max-width: 300px) 100vw, 300px\" \/>Santo Domingo &#8211; El Dr. V\u00edctor Atallah, Ministro de Salud P\u00fablica, hizo un llamado a la poblaci\u00f3n a tomar precauciones y medidas de prevenci\u00f3n ante la llegada de la temporada de virus gripales, t\u00edpica de la temporada de lluvias. <br \/><br \/>\u00abDurante esta \u00e9poca del a\u00f1o, es com\u00fan que se presenten casos de virus respiratorios como la influenza. Es importante que la poblaci\u00f3n acuda a los centros de salud para vacunarse y recibir atenci\u00f3n m\u00e9dica oportuna en caso de presentar s\u00edntomas\u00bb, se\u00f1al\u00f3 el Ministro Atallah. <br \/><br \/>El Ministerio de Salud P\u00fablica recomienda a la ciudadan\u00eda adoptar las siguientes medidas preventivas: <br \/><br \/>&#8211; Vacunarse contra la gripe, especialmente los grupos de mayor riesgo como adultos mayores, ni\u00f1os y personas con enfermedades cr\u00f3nicas.<br \/>&#8211; Lavarse las manos frecuentemente con agua y jab\u00f3n.<br \/>&#8211; Cubrirse la boca y nariz al toser o estornudar.<br \/>&#8211; Evitar tocarse los ojos, nariz y boca.<br \/>&#8211; Mantener una buena ventilaci\u00f3n en los espacios cerrados.<br \/>&#8211; Acudir a un centro de salud ante la presencia de s\u00edntomas como fiebre, tos, dolor de garganta o dificultad respiratoria. <br \/><br \/>\u00abEstas acciones nos ayudar\u00e1n a prevenir la propagaci\u00f3n de los virus y a proteger la salud de toda la poblaci\u00f3n\u00bb, concluy\u00f3 el Ministro Atallah.<\/p>\r\n","protected":false},"excerpt":{"rendered":"<p>Santo Domingo &#8211; El Dr. V\u00edctor Atallah, Ministro de Salud P\u00fablica, hizo un llamado a la poblaci\u00f3n a tomar precauciones y medidas de prevenci\u00f3n ante la llegada de la temporada de virus gripales, t\u00edpica de la temporada de lluvias. \u00abDurante esta \u00e9poca del a\u00f1o, es com\u00fan que se presenten casos de virus respiratorios como la [&hellip;]<\/p>\n","protected":false},"author":6,"featured_media":901,"comment_status":"open","ping_status":"open","sticky":false,"template":"","format":"standard","meta":{"om_disable_all_campaigns":false,"_monsterinsights_skip_tracking":false,"_monsterinsights_sitenote_active":false,"_monsterinsights_sitenote_note":"","_monsterinsights_sitenote_category":0,"footnotes":""},"categories":[1],"tags":[159],"class_list":{"0":"post-896","1":"post","2":"type-post","3":"status-publish","4":"format-standard","5":"has-post-thumbnail","7":"category-nacionales","8":"tag-ministro-de-salud-publica-victor-atallah"},"aioseo_notices":[],"_links":{"self":[{"href":"https:\/\/periodicolarepublica.com\/index.php\/wp-json\/wp\/v2\/posts\/896","targetHints":{"allow":["GET"]}}],"collection":[{"href":"https:\/\/periodicolarepublica.com\/index.php\/wp-json\/wp\/v2\/posts"}],"about":[{"href":"https:\/\/periodicolarepublica.com\/index.php\/wp-json\/wp\/v2\/types\/post"}],"author":[{"embeddable":true,"href":"https:\/\/periodicolarepublica.com\/index.php\/wp-json\/wp\/v2\/users\/6"}],"replies":[{"embeddable":true,"href":"https:\/\/periodicolarepublica.com\/index.php\/wp-json\/wp\/v2\/comments?post=896"}],"version-history":[{"count":2,"href":"https:\/\/periodicolarepublica.com\/index.php\/wp-json\/wp\/v2\/posts\/896\/revisions"}],"predecessor-version":[{"id":902,"href":"https:\/\/periodicolarepublica.com\/index.php\/wp-json\/wp\/v2\/posts\/896\/revisions\/902"}],"wp:featuredmedia":[{"embeddable":true,"href":"https:\/\/periodicolarepublica.com\/index.php\/wp-json\/wp\/v2\/media\/901"}],"wp:attachment":[{"href":"https:\/\/periodicolarepublica.com\/index.php\/wp-json\/wp\/v2\/media?parent=896"}],"wp:term":[{"taxonomy":"category","embeddable":true,"href":"https:\/\/periodicolarepublica.com\/index.php\/wp-json\/wp\/v2\/categories?post=896"},{"taxonomy":"post_tag","embeddable":true,"href":"https:\/\/periodicolarepublica.com\/index.php\/wp-json\/wp\/v2\/tags?post=896"}],"curies":[{"name":"wp","href":"https:\/\/api.w.org\/{rel}","templated":true}]}}