{"id":900,"date":"2024-05-28T17:12:23","date_gmt":"2024-05-28T15:12:23","guid":{"rendered":"https:\/\/periodicolarepublica.com\/?p=900"},"modified":"2024-05-28T17:12:23","modified_gmt":"2024-05-28T15:12:23","slug":"exitosa-campana-de-prevencion-del-dengue-del-ministerio-de-salud-publica-bajo-el-liderazgo-del-dr-victor-atallah","status":"publish","type":"post","link":"https:\/\/periodicolarepublica.com\/index.php\/2024\/05\/28\/exitosa-campana-de-prevencion-del-dengue-del-ministerio-de-salud-publica-bajo-el-liderazgo-del-dr-victor-atallah\/","title":{"rendered":"Exitosa campa\u00f1a de prevenci\u00f3n del Dengue del Ministerio de Salud P\u00fablica bajo el liderazgo del Dr. V\u00edctor Atallah"},"content":{"rendered":"\r\n<p><img loading=\"lazy\" decoding=\"async\" class=\"size-medium wp-image-920 alignright\" src=\"https:\/\/periodicolarepublica.com\/wp-content\/uploads\/2024\/05\/IMG-20240528-WA0060-300x200.jpg\" alt=\"\" width=\"300\" height=\"200\" srcset=\"https:\/\/periodicolarepublica.com\/wp-content\/uploads\/2024\/05\/IMG-20240528-WA0060-300x200.jpg?v=1716909109 300w, https:\/\/periodicolarepublica.com\/wp-content\/uploads\/2024\/05\/IMG-20240528-WA0060-1024x683.jpg?v=1716909109 1024w, https:\/\/periodicolarepublica.com\/wp-content\/uploads\/2024\/05\/IMG-20240528-WA0060-768x512.jpg?v=1716909109 768w, https:\/\/periodicolarepublica.com\/wp-content\/uploads\/2024\/05\/IMG-20240528-WA0060-150x100.jpg?v=1716909109 150w, https:\/\/periodicolarepublica.com\/wp-content\/uploads\/2024\/05\/IMG-20240528-WA0060-600x400.jpg?v=1716909109 600w, https:\/\/periodicolarepublica.com\/wp-content\/uploads\/2024\/05\/IMG-20240528-WA0060-696x464.jpg?v=1716909109 696w, https:\/\/periodicolarepublica.com\/wp-content\/uploads\/2024\/05\/IMG-20240528-WA0060-1068x712.jpg?v=1716909109 1068w, https:\/\/periodicolarepublica.com\/wp-content\/uploads\/2024\/05\/IMG-20240528-WA0060.jpg?v=1716909109 1080w\" sizes=\"auto, (max-width: 300px) 100vw, 300px\" \/>A trav\u00e9s de un esfuerzo coordinado y multifac\u00e9tico, el Ministerio logr\u00f3 reducir significativamente los casos de dengue en todo el pa\u00eds en comparaci\u00f3n con a\u00f1os anteriores. Algunas de las principales iniciativas implementadas fueron: <br \/><br \/>Intensificaci\u00f3n de las jornadas de fumigaci\u00f3n y eliminaci\u00f3n de criaderos en todo el territorio nacional.<br \/>Fortalecimiento de la vigilancia epidemiol\u00f3gica y la detecci\u00f3n temprana de casos. <br \/><br \/>Amplia campa\u00f1a de comunicaci\u00f3n y educaci\u00f3n a la poblaci\u00f3n sobre medidas de prevenci\u00f3n del dengue.<br \/>Distribuci\u00f3n gratuita de repelentes y otros insumos de protecci\u00f3n en las zonas de mayor riesgo.<br \/>Mejoramiento de la atenci\u00f3n m\u00e9dica y el abastecimiento de medicamentos en los centros de salud. <br \/><br \/>\u00abEstamos muy satisfechos con los resultados obtenidos gracias al compromiso y el trabajo arduo de todo el equipo del Ministerio de Salud P\u00fablica\u00bb, afirm\u00f3 el Dr. V\u00edctor Atallah, Ministro de Salud. \u00abNuestra prioridad es proteger la salud de la poblaci\u00f3n y este \u00e9xito demuestra que cuando se implementan estrategias integrales, podemos lograr un impacto significativo en la prevenci\u00f3n de enfermedades como el dengue\u00bb. <br \/><br \/>Los datos preliminares indican que durante la temporada de lluvias de este a\u00f1o, se registr\u00f3 una reducci\u00f3n del 80 % en los casos de dengue a nivel nacional, en comparaci\u00f3n con el mismo per\u00edodo del a\u00f1o anterior. Esto evidencia el efectivo abordaje del Ministerio de Salud P\u00fablica liderado por el Dr. Atallah.<\/p>\r\n","protected":false},"excerpt":{"rendered":"<p>A trav\u00e9s de un esfuerzo coordinado y multifac\u00e9tico, el Ministerio logr\u00f3 reducir significativamente los casos de dengue en todo el pa\u00eds en comparaci\u00f3n con a\u00f1os anteriores. Algunas de las principales iniciativas implementadas fueron: Intensificaci\u00f3n de las jornadas de fumigaci\u00f3n y eliminaci\u00f3n de criaderos en todo el territorio nacional.Fortalecimiento de la vigilancia epidemiol\u00f3gica y la detecci\u00f3n [&hellip;]<\/p>\n","protected":false},"author":6,"featured_media":920,"comment_status":"open","ping_status":"open","sticky":false,"template":"","format":"standard","meta":{"om_disable_all_campaigns":false,"_monsterinsights_skip_tracking":false,"_monsterinsights_sitenote_active":false,"_monsterinsights_sitenote_note":"","_monsterinsights_sitenote_category":0,"footnotes":""},"categories":[1],"tags":[175,161],"class_list":{"0":"post-900","1":"post","2":"type-post","3":"status-publish","4":"format-standard","5":"has-post-thumbnail","7":"category-nacionales","8":"tag-ministro-de-salud-publica","9":"tag-victor-atallah"},"aioseo_notices":[],"_links":{"self":[{"href":"https:\/\/periodicolarepublica.com\/index.php\/wp-json\/wp\/v2\/posts\/900","targetHints":{"allow":["GET"]}}],"collection":[{"href":"https:\/\/periodicolarepublica.com\/index.php\/wp-json\/wp\/v2\/posts"}],"about":[{"href":"https:\/\/periodicolarepublica.com\/index.php\/wp-json\/wp\/v2\/types\/post"}],"author":[{"embeddable":true,"href":"https:\/\/periodicolarepublica.com\/index.php\/wp-json\/wp\/v2\/users\/6"}],"replies":[{"embeddable":true,"href":"https:\/\/periodicolarepublica.com\/index.php\/wp-json\/wp\/v2\/comments?post=900"}],"version-history":[{"count":2,"href":"https:\/\/periodicolarepublica.com\/index.php\/wp-json\/wp\/v2\/posts\/900\/revisions"}],"predecessor-version":[{"id":921,"href":"https:\/\/periodicolarepublica.com\/index.php\/wp-json\/wp\/v2\/posts\/900\/revisions\/921"}],"wp:featuredmedia":[{"embeddable":true,"href":"https:\/\/periodicolarepublica.com\/index.php\/wp-json\/wp\/v2\/media\/920"}],"wp:attachment":[{"href":"https:\/\/periodicolarepublica.com\/index.php\/wp-json\/wp\/v2\/media?parent=900"}],"wp:term":[{"taxonomy":"category","embeddable":true,"href":"https:\/\/periodicolarepublica.com\/index.php\/wp-json\/wp\/v2\/categories?post=900"},{"taxonomy":"post_tag","embeddable":true,"href":"https:\/\/periodicolarepublica.com\/index.php\/wp-json\/wp\/v2\/tags?post=900"}],"curies":[{"name":"wp","href":"https:\/\/api.w.org\/{rel}","templated":true}]}}