{"id":903,"date":"2024-05-27T15:17:34","date_gmt":"2024-05-27T13:17:34","guid":{"rendered":"https:\/\/periodicolarepublica.com\/?p=903"},"modified":"2024-05-27T15:36:39","modified_gmt":"2024-05-27T13:36:39","slug":"903","status":"publish","type":"post","link":"https:\/\/periodicolarepublica.com\/index.php\/2024\/05\/27\/903\/","title":{"rendered":"Presidente Luis Abinader visita Ciudad Vaticano junto a la familia"},"content":{"rendered":"<p>El presidente de la Rep\u00fablica Dominicana, Luis Abinader, ha realizado la visita agendada al Vaticano acompa\u00f1ado de su familia,\u00a0 su esposa Raquel Arbaje, y sus tres hijas, Esther Patricia, Graciela Luc\u00eda y Adriana Margarita.<\/p>\n<p><img loading=\"lazy\" decoding=\"async\" class=\"alignnone size-medium wp-image-904\" src=\"https:\/\/periodicolarepublica.com\/wp-content\/uploads\/2024\/05\/IMG_20240527_091531-300x220.jpg\" alt=\"\" width=\"300\" height=\"220\" srcset=\"https:\/\/periodicolarepublica.com\/wp-content\/uploads\/2024\/05\/IMG_20240527_091531-300x220.jpg?v=1716815782 300w, https:\/\/periodicolarepublica.com\/wp-content\/uploads\/2024\/05\/IMG_20240527_091531-1024x752.jpg?v=1716815782 1024w, https:\/\/periodicolarepublica.com\/wp-content\/uploads\/2024\/05\/IMG_20240527_091531-768x564.jpg?v=1716815782 768w, https:\/\/periodicolarepublica.com\/wp-content\/uploads\/2024\/05\/IMG_20240527_091531-150x110.jpg?v=1716815782 150w, https:\/\/periodicolarepublica.com\/wp-content\/uploads\/2024\/05\/IMG_20240527_091531-600x441.jpg?v=1716815782 600w, https:\/\/periodicolarepublica.com\/wp-content\/uploads\/2024\/05\/IMG_20240527_091531-696x511.jpg?v=1716815782 696w, https:\/\/periodicolarepublica.com\/wp-content\/uploads\/2024\/05\/IMG_20240527_091531-1068x784.jpg?v=1716815782 1068w, https:\/\/periodicolarepublica.com\/wp-content\/uploads\/2024\/05\/IMG_20240527_091531.jpg?v=1716815782 1076w\" sizes=\"auto, (max-width: 300px) 100vw, 300px\" \/><\/p>\n<p>Durante su estancia en el Vaticano, el presidente Abinader tuvo la oportunidad de reunirse con el Papa Francisco en una audiencia privada. Durante esa reuni\u00f3n, se abordaron temas de inter\u00e9s com\u00fan, como la importancia de la familia, la educaci\u00f3n y la lucha contra la pobreza.<\/p>\n<p>La visita del presidente Abinader al Vaticano fue un momento especial para la familia presidencial.<\/p>\n","protected":false},"excerpt":{"rendered":"<p>El presidente de la Rep\u00fablica Dominicana, Luis Abinader, ha realizado la visita agendada al Vaticano acompa\u00f1ado de su familia,\u00a0 su esposa Raquel Arbaje, y sus tres hijas, Esther Patricia, Graciela Luc\u00eda y Adriana Margarita. Durante su estancia en el Vaticano, el presidente Abinader tuvo la oportunidad de reunirse con el Papa Francisco en una audiencia [&hellip;]<\/p>\n","protected":false},"author":1,"featured_media":904,"comment_status":"open","ping_status":"open","sticky":false,"template":"","format":"standard","meta":{"om_disable_all_campaigns":false,"_monsterinsights_skip_tracking":false,"_monsterinsights_sitenote_active":false,"_monsterinsights_sitenote_note":"","_monsterinsights_sitenote_category":0,"footnotes":""},"categories":[1],"tags":[217,85,220,218],"class_list":{"0":"post-903","1":"post","2":"type-post","3":"status-publish","4":"format-standard","5":"has-post-thumbnail","7":"category-nacionales","8":"tag-el-papa","9":"tag-luis-abinader","10":"tag-raquel-arbaje","11":"tag-vaticano"},"aioseo_notices":[],"_links":{"self":[{"href":"https:\/\/periodicolarepublica.com\/index.php\/wp-json\/wp\/v2\/posts\/903","targetHints":{"allow":["GET"]}}],"collection":[{"href":"https:\/\/periodicolarepublica.com\/index.php\/wp-json\/wp\/v2\/posts"}],"about":[{"href":"https:\/\/periodicolarepublica.com\/index.php\/wp-json\/wp\/v2\/types\/post"}],"author":[{"embeddable":true,"href":"https:\/\/periodicolarepublica.com\/index.php\/wp-json\/wp\/v2\/users\/1"}],"replies":[{"embeddable":true,"href":"https:\/\/periodicolarepublica.com\/index.php\/wp-json\/wp\/v2\/comments?post=903"}],"version-history":[{"count":3,"href":"https:\/\/periodicolarepublica.com\/index.php\/wp-json\/wp\/v2\/posts\/903\/revisions"}],"predecessor-version":[{"id":907,"href":"https:\/\/periodicolarepublica.com\/index.php\/wp-json\/wp\/v2\/posts\/903\/revisions\/907"}],"wp:featuredmedia":[{"embeddable":true,"href":"https:\/\/periodicolarepublica.com\/index.php\/wp-json\/wp\/v2\/media\/904"}],"wp:attachment":[{"href":"https:\/\/periodicolarepublica.com\/index.php\/wp-json\/wp\/v2\/media?parent=903"}],"wp:term":[{"taxonomy":"category","embeddable":true,"href":"https:\/\/periodicolarepublica.com\/index.php\/wp-json\/wp\/v2\/categories?post=903"},{"taxonomy":"post_tag","embeddable":true,"href":"https:\/\/periodicolarepublica.com\/index.php\/wp-json\/wp\/v2\/tags?post=903"}],"curies":[{"name":"wp","href":"https:\/\/api.w.org\/{rel}","templated":true}]}}