{"id":908,"date":"2024-05-27T16:32:03","date_gmt":"2024-05-27T14:32:03","guid":{"rendered":"https:\/\/periodicolarepublica.com\/?p=908"},"modified":"2024-05-27T16:41:59","modified_gmt":"2024-05-27T14:41:59","slug":"director-iad-garantiza-asistencia-gubernamental-a-productores-agricolas-en-montecristi","status":"publish","type":"post","link":"https:\/\/periodicolarepublica.com\/index.php\/2024\/05\/27\/director-iad-garantiza-asistencia-gubernamental-a-productores-agricolas-en-montecristi\/","title":{"rendered":"Director IAD garantiza asistencia gubernamental a productores agr\u00edcolas en Montecristi"},"content":{"rendered":"<p>El director general del Instituto Agrario Dominicano (IAD), Francisco Guillermo Garc\u00eda, garantiz\u00f3 este s\u00e1bado a los productores agr\u00edcolas afectados por un ventarr\u00f3n que azot\u00f3 el pasado mi\u00e9rcoles la zona de Santa Mar\u00eda, que el gobierno que encabeza el presidente Luis Abinader le brindar\u00e1 la asistencia necesaria para su pronta recuperaci\u00f3n, a trav\u00e9s de los diferentes organismos del sector agropecuario oficial.<\/p>\n<p><img loading=\"lazy\" decoding=\"async\" class=\"alignnone size-medium wp-image-909\" src=\"https:\/\/periodicolarepublica.com\/wp-content\/uploads\/2024\/05\/IMG-20240527-WA0003-300x200.jpg\" alt=\"\" width=\"300\" height=\"200\" srcset=\"https:\/\/periodicolarepublica.com\/wp-content\/uploads\/2024\/05\/IMG-20240527-WA0003-300x200.jpg?v=1716820287 300w, https:\/\/periodicolarepublica.com\/wp-content\/uploads\/2024\/05\/IMG-20240527-WA0003-1024x683.jpg?v=1716820287 1024w, https:\/\/periodicolarepublica.com\/wp-content\/uploads\/2024\/05\/IMG-20240527-WA0003-768x512.jpg?v=1716820287 768w, https:\/\/periodicolarepublica.com\/wp-content\/uploads\/2024\/05\/IMG-20240527-WA0003-1536x1024.jpg?v=1716820287 1536w, https:\/\/periodicolarepublica.com\/wp-content\/uploads\/2024\/05\/IMG-20240527-WA0003-150x100.jpg?v=1716820287 150w, https:\/\/periodicolarepublica.com\/wp-content\/uploads\/2024\/05\/IMG-20240527-WA0003-600x400.jpg?v=1716820287 600w, https:\/\/periodicolarepublica.com\/wp-content\/uploads\/2024\/05\/IMG-20240527-WA0003-696x464.jpg?v=1716820287 696w, https:\/\/periodicolarepublica.com\/wp-content\/uploads\/2024\/05\/IMG-20240527-WA0003-1392x928.jpg?v=1716820287 1392w, https:\/\/periodicolarepublica.com\/wp-content\/uploads\/2024\/05\/IMG-20240527-WA0003-1068x712.jpg?v=1716820287 1068w, https:\/\/periodicolarepublica.com\/wp-content\/uploads\/2024\/05\/IMG-20240527-WA0003.jpg?v=1716820287 1560w\" sizes=\"auto, (max-width: 300px) 100vw, 300px\" \/><\/p>\n<p>Durante un recorrido por las zonas afectadas por el ventarr\u00f3n, el director general Garc\u00eda junto a una comisi\u00f3n del IAD pudo comprobar los da\u00f1os provocados en cultivos de pl\u00e1tano, visibles en plantaciones que se encontraban en la etapa culminante de su productividad.<\/p>\n<p>En la zona recorrida laboran 51 productores agr\u00edcolas, en cuatro asentamientos de la Reforma Agraria, en aproximadamente 2,000 tareas de tierras.<\/p>\n<p>\u201cCuenten con que ustedes tienen un presidente que se preocupa por su bienestar, por lo que trabajaremos para que todos los productores agr\u00edcolas de esta zona retornen a la normalidad, obteniendo los beneficios de la comercializaci\u00f3n de sus cosechas, para bien de la seguridad alimentaria del pa\u00eds\u201d, dijo el funcionario.<\/p>\n<p>El titular del IAD proclam\u00f3 ante los productores afectados que no quedar\u00e1n desamparados por el gobierno del presidente Abinader, por lo que la instituci\u00f3n proceder\u00e1 a realizar un levantamiento sobre los da\u00f1os, a fin de reparar las p\u00e9rdidas provocadas por el fen\u00f3meno atmosf\u00e9rico.<\/p>\n<p>Productores de Santa Mar\u00eda, como Carlos Bueno, Eugenio Mart\u00ednez y Confesor Contreras expresan que el ventarr\u00f3n o tornado, estuvo acompa\u00f1ado de granizadas, que afectaron la agricultura y la ganader\u00eda, en momentos que comenzaban el corte del pl\u00e1tano, con da\u00f1os a otros rubros como la yuca y la batana.<\/p>\n<p>El director general Garc\u00eda estuvo acompa\u00f1ado en su recorrido por Santa Mar\u00eda, de su esposa, Se\u00f1ora Minerva Rodr\u00edguez de Garc\u00eda; el gerente provincial del IAD en Montecristi Carlos Julio Pascal; el encargado del Departamento de Producci\u00f3n, Leo Col\u00f3n; el encargado del Departamentos de Comunicaciones, Frank N\u00fa\u00f1ez y el asesor de la Direcci\u00f3n General, C\u00e1ndido Vargas, entre otros.<\/p>\n","protected":false},"excerpt":{"rendered":"<p>El director general del Instituto Agrario Dominicano (IAD), Francisco Guillermo Garc\u00eda, garantiz\u00f3 este s\u00e1bado a los productores agr\u00edcolas afectados por un ventarr\u00f3n que azot\u00f3 el pasado mi\u00e9rcoles la zona de Santa Mar\u00eda, que el gobierno que encabeza el presidente Luis Abinader le brindar\u00e1 la asistencia necesaria para su pronta recuperaci\u00f3n, a trav\u00e9s de los diferentes [&hellip;]<\/p>\n","protected":false},"author":6,"featured_media":909,"comment_status":"open","ping_status":"open","sticky":false,"template":"","format":"standard","meta":{"om_disable_all_campaigns":false,"_monsterinsights_skip_tracking":false,"_monsterinsights_sitenote_active":false,"_monsterinsights_sitenote_note":"","_monsterinsights_sitenote_category":0,"footnotes":""},"categories":[1],"tags":[221,142,143],"class_list":{"0":"post-908","1":"post","2":"type-post","3":"status-publish","4":"format-standard","5":"has-post-thumbnail","7":"category-nacionales","8":"tag-francisco-guillermo-garcia","9":"tag-iad","10":"tag-montecristi"},"aioseo_notices":[],"_links":{"self":[{"href":"https:\/\/periodicolarepublica.com\/index.php\/wp-json\/wp\/v2\/posts\/908","targetHints":{"allow":["GET"]}}],"collection":[{"href":"https:\/\/periodicolarepublica.com\/index.php\/wp-json\/wp\/v2\/posts"}],"about":[{"href":"https:\/\/periodicolarepublica.com\/index.php\/wp-json\/wp\/v2\/types\/post"}],"author":[{"embeddable":true,"href":"https:\/\/periodicolarepublica.com\/index.php\/wp-json\/wp\/v2\/users\/6"}],"replies":[{"embeddable":true,"href":"https:\/\/periodicolarepublica.com\/index.php\/wp-json\/wp\/v2\/comments?post=908"}],"version-history":[{"count":1,"href":"https:\/\/periodicolarepublica.com\/index.php\/wp-json\/wp\/v2\/posts\/908\/revisions"}],"predecessor-version":[{"id":910,"href":"https:\/\/periodicolarepublica.com\/index.php\/wp-json\/wp\/v2\/posts\/908\/revisions\/910"}],"wp:featuredmedia":[{"embeddable":true,"href":"https:\/\/periodicolarepublica.com\/index.php\/wp-json\/wp\/v2\/media\/909"}],"wp:attachment":[{"href":"https:\/\/periodicolarepublica.com\/index.php\/wp-json\/wp\/v2\/media?parent=908"}],"wp:term":[{"taxonomy":"category","embeddable":true,"href":"https:\/\/periodicolarepublica.com\/index.php\/wp-json\/wp\/v2\/categories?post=908"},{"taxonomy":"post_tag","embeddable":true,"href":"https:\/\/periodicolarepublica.com\/index.php\/wp-json\/wp\/v2\/tags?post=908"}],"curies":[{"name":"wp","href":"https:\/\/api.w.org\/{rel}","templated":true}]}}