{"id":911,"date":"2024-05-27T18:30:42","date_gmt":"2024-05-27T16:30:42","guid":{"rendered":"https:\/\/periodicolarepublica.com\/?p=911"},"modified":"2024-05-27T18:30:42","modified_gmt":"2024-05-27T16:30:42","slug":"inefi-inaugurara-complejo-deportivo-del-centro-educativo-juan-bautista-zafra","status":"publish","type":"post","link":"https:\/\/periodicolarepublica.com\/index.php\/2024\/05\/27\/inefi-inaugurara-complejo-deportivo-del-centro-educativo-juan-bautista-zafra\/","title":{"rendered":"INEFI inaugurar\u00e1 complejo deportivo del Centro Educativo Juan Bautista Zafra"},"content":{"rendered":"<p>El conocido complejo deportivo del Centro Educativo Juan Bautista Zafra, en el populoso sector de Los Mina de Santo Domingo Este, sera inaugurada con una inversi\u00f3n por encima de los 30 millones de pesos, mediante el Instituto Nacional de Educaci\u00f3n F\u00edsica (INEFI), quien es dirigido por Alberto Rodr\u00edguez.<\/p>\n<p><img loading=\"lazy\" decoding=\"async\" class=\"alignnone size-medium wp-image-912\" src=\"https:\/\/periodicolarepublica.com\/wp-content\/uploads\/2024\/05\/Picsart_24-05-27_12-29-04-940-300x223.jpg\" alt=\"\" width=\"300\" height=\"223\" srcset=\"https:\/\/periodicolarepublica.com\/wp-content\/uploads\/2024\/05\/Picsart_24-05-27_12-29-04-940-300x223.jpg?v=1716827394 300w, https:\/\/periodicolarepublica.com\/wp-content\/uploads\/2024\/05\/Picsart_24-05-27_12-29-04-940-1024x760.jpg?v=1716827394 1024w, https:\/\/periodicolarepublica.com\/wp-content\/uploads\/2024\/05\/Picsart_24-05-27_12-29-04-940-768x570.jpg?v=1716827394 768w, https:\/\/periodicolarepublica.com\/wp-content\/uploads\/2024\/05\/Picsart_24-05-27_12-29-04-940-1536x1140.jpg?v=1716827394 1536w, https:\/\/periodicolarepublica.com\/wp-content\/uploads\/2024\/05\/Picsart_24-05-27_12-29-04-940-2048x1520.jpg?v=1716827394 2048w, https:\/\/periodicolarepublica.com\/wp-content\/uploads\/2024\/05\/Picsart_24-05-27_12-29-04-940-150x111.jpg?v=1716827394 150w, https:\/\/periodicolarepublica.com\/wp-content\/uploads\/2024\/05\/Picsart_24-05-27_12-29-04-940-600x445.jpg?v=1716827394 600w, https:\/\/periodicolarepublica.com\/wp-content\/uploads\/2024\/05\/Picsart_24-05-27_12-29-04-940-485x360.jpg?v=1716827394 485w, https:\/\/periodicolarepublica.com\/wp-content\/uploads\/2024\/05\/Picsart_24-05-27_12-29-04-940-970x720.jpg?v=1716827394 970w, https:\/\/periodicolarepublica.com\/wp-content\/uploads\/2024\/05\/Picsart_24-05-27_12-29-04-940-696x516.jpg?v=1716827394 696w, https:\/\/periodicolarepublica.com\/wp-content\/uploads\/2024\/05\/Picsart_24-05-27_12-29-04-940-1392x1033.jpg?v=1716827394 1392w, https:\/\/periodicolarepublica.com\/wp-content\/uploads\/2024\/05\/Picsart_24-05-27_12-29-04-940-1068x793.jpg?v=1716827394 1068w, https:\/\/periodicolarepublica.com\/wp-content\/uploads\/2024\/05\/Picsart_24-05-27_12-29-04-940-1920x1425.jpg?v=1716827394 1920w, https:\/\/periodicolarepublica.com\/wp-content\/uploads\/2024\/05\/Picsart_24-05-27_12-29-04-940-265x198.jpg?v=1716827394 265w, https:\/\/periodicolarepublica.com\/wp-content\/uploads\/2024\/05\/Picsart_24-05-27_12-29-04-940-530x396.jpg?v=1716827394 530w\" sizes=\"auto, (max-width: 300px) 100vw, 300px\" \/><\/p>\n<p>Rodr\u00edguez, o como se le conoce Alberto en los Deportes, estara presidiendo el evento de inauguraci\u00f3n del centro como director ejecutivo del INEFI, el cual se ha pautado a las 11:00 de la ma\u00f1ana, donde se presentar\u00e1n las nuevas instalaciones de esa zona tan conocida\u00a0 de Los Minas y dichas \u00e1reas deportivas, que cuenta con cinco parques para jugar b\u00e9isbol de peque\u00f1as ligas, softbol, entre otros deportes para el desarrollo de los municipes.<\/p>\n","protected":false},"excerpt":{"rendered":"<p>El conocido complejo deportivo del Centro Educativo Juan Bautista Zafra, en el populoso sector de Los Mina de Santo Domingo Este, sera inaugurada con una inversi\u00f3n por encima de los 30 millones de pesos, mediante el Instituto Nacional de Educaci\u00f3n F\u00edsica (INEFI), quien es dirigido por Alberto Rodr\u00edguez. Rodr\u00edguez, o como se le conoce Alberto [&hellip;]<\/p>\n","protected":false},"author":1,"featured_media":912,"comment_status":"open","ping_status":"open","sticky":false,"template":"","format":"standard","meta":{"om_disable_all_campaigns":false,"_monsterinsights_skip_tracking":false,"_monsterinsights_sitenote_active":false,"_monsterinsights_sitenote_note":"","_monsterinsights_sitenote_category":0,"footnotes":""},"categories":[21],"tags":[223,225,224,222],"class_list":{"0":"post-911","1":"post","2":"type-post","3":"status-publish","4":"format-standard","5":"has-post-thumbnail","7":"category-deporte","8":"tag-alberto-rodriguez","9":"tag-deportes","10":"tag-inefi","11":"tag-los-minas"},"aioseo_notices":[],"_links":{"self":[{"href":"https:\/\/periodicolarepublica.com\/index.php\/wp-json\/wp\/v2\/posts\/911","targetHints":{"allow":["GET"]}}],"collection":[{"href":"https:\/\/periodicolarepublica.com\/index.php\/wp-json\/wp\/v2\/posts"}],"about":[{"href":"https:\/\/periodicolarepublica.com\/index.php\/wp-json\/wp\/v2\/types\/post"}],"author":[{"embeddable":true,"href":"https:\/\/periodicolarepublica.com\/index.php\/wp-json\/wp\/v2\/users\/1"}],"replies":[{"embeddable":true,"href":"https:\/\/periodicolarepublica.com\/index.php\/wp-json\/wp\/v2\/comments?post=911"}],"version-history":[{"count":1,"href":"https:\/\/periodicolarepublica.com\/index.php\/wp-json\/wp\/v2\/posts\/911\/revisions"}],"predecessor-version":[{"id":913,"href":"https:\/\/periodicolarepublica.com\/index.php\/wp-json\/wp\/v2\/posts\/911\/revisions\/913"}],"wp:featuredmedia":[{"embeddable":true,"href":"https:\/\/periodicolarepublica.com\/index.php\/wp-json\/wp\/v2\/media\/912"}],"wp:attachment":[{"href":"https:\/\/periodicolarepublica.com\/index.php\/wp-json\/wp\/v2\/media?parent=911"}],"wp:term":[{"taxonomy":"category","embeddable":true,"href":"https:\/\/periodicolarepublica.com\/index.php\/wp-json\/wp\/v2\/categories?post=911"},{"taxonomy":"post_tag","embeddable":true,"href":"https:\/\/periodicolarepublica.com\/index.php\/wp-json\/wp\/v2\/tags?post=911"}],"curies":[{"name":"wp","href":"https:\/\/api.w.org\/{rel}","templated":true}]}}