{"id":915,"date":"2024-05-27T21:32:33","date_gmt":"2024-05-27T19:32:33","guid":{"rendered":"https:\/\/periodicolarepublica.com\/?p=915"},"modified":"2024-05-27T21:32:33","modified_gmt":"2024-05-27T19:32:33","slug":"turismo-rd-enfocado-en-una-meta-de-11-millones-de-visitantes","status":"publish","type":"post","link":"https:\/\/periodicolarepublica.com\/index.php\/2024\/05\/27\/turismo-rd-enfocado-en-una-meta-de-11-millones-de-visitantes\/","title":{"rendered":"Turismo RD enfocado en una meta de 11 Millones de Visitantes"},"content":{"rendered":"<p>David Collado, ministro de turismo dominicano,\u00a0 anuncio que en los primeros 4 meses de este a\u00f1o el pa\u00eds alcanz\u00f3 la hist\u00f3rica cifra de 4,178,683 visitantes.<\/p>\n<p><img loading=\"lazy\" decoding=\"async\" class=\"alignnone size-medium wp-image-916\" src=\"https:\/\/periodicolarepublica.com\/wp-content\/uploads\/2024\/05\/Abril-2024-300x200.jpg\" alt=\"\" width=\"300\" height=\"200\" srcset=\"https:\/\/periodicolarepublica.com\/wp-content\/uploads\/2024\/05\/Abril-2024-300x200.jpg?v=1716838307 300w, https:\/\/periodicolarepublica.com\/wp-content\/uploads\/2024\/05\/Abril-2024-1024x683.jpg?v=1716838307 1024w, https:\/\/periodicolarepublica.com\/wp-content\/uploads\/2024\/05\/Abril-2024-768x512.jpg?v=1716838307 768w, https:\/\/periodicolarepublica.com\/wp-content\/uploads\/2024\/05\/Abril-2024-1536x1024.jpg?v=1716838307 1536w, https:\/\/periodicolarepublica.com\/wp-content\/uploads\/2024\/05\/Abril-2024-150x100.jpg?v=1716838307 150w, https:\/\/periodicolarepublica.com\/wp-content\/uploads\/2024\/05\/Abril-2024-600x400.jpg?v=1716838307 600w, https:\/\/periodicolarepublica.com\/wp-content\/uploads\/2024\/05\/Abril-2024-696x464.jpg?v=1716838307 696w, https:\/\/periodicolarepublica.com\/wp-content\/uploads\/2024\/05\/Abril-2024-1392x928.jpg?v=1716838307 1392w, https:\/\/periodicolarepublica.com\/wp-content\/uploads\/2024\/05\/Abril-2024-1068x712.jpg?v=1716838307 1068w, https:\/\/periodicolarepublica.com\/wp-content\/uploads\/2024\/05\/Abril-2024.jpg?v=1716838307 1599w\" sizes=\"auto, (max-width: 300px) 100vw, 300px\" \/><\/p>\n<p>El Ministerio de Turismo de la Rep\u00fablica Dominicana, anunci\u00f3\u00a0 que contin\u00faa con gran crecimiento\u00a0 al alcanzar la hist\u00f3rica cifra de 4,178,683 de\u00a0 visitantes, en los primeros 4 meses del presente a\u00f1o 2024 y se proyecta que supere la llegada de m\u00e1s de 11 millones de visitantes rompiendo las cifras obtenidas del 2023.<\/p>\n<p>El Ministro de Turismo, David Collado, como siempre\u00a0 dict\u00f3 la tradicional conferencia para la prensa dando a conocer el comportamiento de la industria tur\u00edstica.<\/p>\n","protected":false},"excerpt":{"rendered":"<p>David Collado, ministro de turismo dominicano,\u00a0 anuncio que en los primeros 4 meses de este a\u00f1o el pa\u00eds alcanz\u00f3 la hist\u00f3rica cifra de 4,178,683 visitantes. El Ministerio de Turismo de la Rep\u00fablica Dominicana, anunci\u00f3\u00a0 que contin\u00faa con gran crecimiento\u00a0 al alcanzar la hist\u00f3rica cifra de 4,178,683 de\u00a0 visitantes, en los primeros 4 meses del presente [&hellip;]<\/p>\n","protected":false},"author":1,"featured_media":916,"comment_status":"open","ping_status":"open","sticky":false,"template":"","format":"standard","meta":{"om_disable_all_campaigns":false,"_monsterinsights_skip_tracking":false,"_monsterinsights_sitenote_active":false,"_monsterinsights_sitenote_note":"","_monsterinsights_sitenote_category":0,"footnotes":""},"categories":[20],"tags":[30,29,22],"class_list":{"0":"post-915","1":"post","2":"type-post","3":"status-publish","4":"format-standard","5":"has-post-thumbnail","7":"category-turismo","8":"tag-david-collado","9":"tag-punta-cana","10":"tag-turismo"},"aioseo_notices":[],"_links":{"self":[{"href":"https:\/\/periodicolarepublica.com\/index.php\/wp-json\/wp\/v2\/posts\/915","targetHints":{"allow":["GET"]}}],"collection":[{"href":"https:\/\/periodicolarepublica.com\/index.php\/wp-json\/wp\/v2\/posts"}],"about":[{"href":"https:\/\/periodicolarepublica.com\/index.php\/wp-json\/wp\/v2\/types\/post"}],"author":[{"embeddable":true,"href":"https:\/\/periodicolarepublica.com\/index.php\/wp-json\/wp\/v2\/users\/1"}],"replies":[{"embeddable":true,"href":"https:\/\/periodicolarepublica.com\/index.php\/wp-json\/wp\/v2\/comments?post=915"}],"version-history":[{"count":1,"href":"https:\/\/periodicolarepublica.com\/index.php\/wp-json\/wp\/v2\/posts\/915\/revisions"}],"predecessor-version":[{"id":917,"href":"https:\/\/periodicolarepublica.com\/index.php\/wp-json\/wp\/v2\/posts\/915\/revisions\/917"}],"wp:featuredmedia":[{"embeddable":true,"href":"https:\/\/periodicolarepublica.com\/index.php\/wp-json\/wp\/v2\/media\/916"}],"wp:attachment":[{"href":"https:\/\/periodicolarepublica.com\/index.php\/wp-json\/wp\/v2\/media?parent=915"}],"wp:term":[{"taxonomy":"category","embeddable":true,"href":"https:\/\/periodicolarepublica.com\/index.php\/wp-json\/wp\/v2\/categories?post=915"},{"taxonomy":"post_tag","embeddable":true,"href":"https:\/\/periodicolarepublica.com\/index.php\/wp-json\/wp\/v2\/tags?post=915"}],"curies":[{"name":"wp","href":"https:\/\/api.w.org\/{rel}","templated":true}]}}