{"id":922,"date":"2024-05-28T21:11:46","date_gmt":"2024-05-28T19:11:46","guid":{"rendered":"https:\/\/periodicolarepublica.com\/?p=922"},"modified":"2024-05-28T21:11:46","modified_gmt":"2024-05-28T19:11:46","slug":"inefi-entrega-en-los-mina-nuevo-complejo-deportivo-la-zafra","status":"publish","type":"post","link":"https:\/\/periodicolarepublica.com\/index.php\/2024\/05\/28\/inefi-entrega-en-los-mina-nuevo-complejo-deportivo-la-zafra\/","title":{"rendered":"INEFI entrega en Los Mina nuevo complejo deportivo \u201cLa Zafra\u201d,"},"content":{"rendered":"<p>El INEFI entrego en Los Mina el complejo deportivo \u201cLa Zafra\u201d\u00a0 con la presencia de la vicepresidenta Raquel Pe\u00f1a.<\/p>\n<p>La obra, que cuenta con cinco parques de b\u00e9isbol para peque\u00f1as ligas, fue reconstruida luego de varias d\u00e9cadas de abandono.<\/p>\n<p><img loading=\"lazy\" decoding=\"async\" class=\"alignnone size-medium wp-image-923\" src=\"https:\/\/periodicolarepublica.com\/wp-content\/uploads\/2024\/05\/Picsart_24-05-28_15-08-14-072-300x158.jpg\" alt=\"\" width=\"300\" height=\"158\" srcset=\"https:\/\/periodicolarepublica.com\/wp-content\/uploads\/2024\/05\/Picsart_24-05-28_15-08-14-072-300x158.jpg?v=1716923450 300w, https:\/\/periodicolarepublica.com\/wp-content\/uploads\/2024\/05\/Picsart_24-05-28_15-08-14-072-1024x540.jpg?v=1716923450 1024w, https:\/\/periodicolarepublica.com\/wp-content\/uploads\/2024\/05\/Picsart_24-05-28_15-08-14-072-768x405.jpg?v=1716923450 768w, https:\/\/periodicolarepublica.com\/wp-content\/uploads\/2024\/05\/Picsart_24-05-28_15-08-14-072-1536x810.jpg?v=1716923450 1536w, https:\/\/periodicolarepublica.com\/wp-content\/uploads\/2024\/05\/Picsart_24-05-28_15-08-14-072-150x79.jpg?v=1716923450 150w, https:\/\/periodicolarepublica.com\/wp-content\/uploads\/2024\/05\/Picsart_24-05-28_15-08-14-072-600x317.jpg?v=1716923450 600w, https:\/\/periodicolarepublica.com\/wp-content\/uploads\/2024\/05\/Picsart_24-05-28_15-08-14-072-696x367.jpg?v=1716923450 696w, https:\/\/periodicolarepublica.com\/wp-content\/uploads\/2024\/05\/Picsart_24-05-28_15-08-14-072-1392x734.jpg?v=1716923450 1392w, https:\/\/periodicolarepublica.com\/wp-content\/uploads\/2024\/05\/Picsart_24-05-28_15-08-14-072-1068x563.jpg?v=1716923450 1068w, https:\/\/periodicolarepublica.com\/wp-content\/uploads\/2024\/05\/Picsart_24-05-28_15-08-14-072-1920x1013.jpg?v=1716923450 1920w, https:\/\/periodicolarepublica.com\/wp-content\/uploads\/2024\/05\/Picsart_24-05-28_15-08-14-072.jpg?v=1716923450 2047w\" sizes=\"auto, (max-width: 300px) 100vw, 300px\" \/><\/p>\n<p>Con el objetivo de fomentar, rescatar e impulsar el b\u00e9isbol escolar, y bajo las instrucciones del presidente Luis Abinader, el Instituto Nacional de Educaci\u00f3n F\u00edsica (INEFI) inaugur\u00f3 este martes el Complejo Deportivo del Centro Educativo Juan Bautista Zafra, en un acto encabezado por la vicepresidenta Raquel Pe\u00f1a.<\/p>\n<p>&nbsp;<\/p>\n<p>&nbsp;<\/p>\n","protected":false},"excerpt":{"rendered":"<p>El INEFI entrego en Los Mina el complejo deportivo \u201cLa Zafra\u201d\u00a0 con la presencia de la vicepresidenta Raquel Pe\u00f1a. La obra, que cuenta con cinco parques de b\u00e9isbol para peque\u00f1as ligas, fue reconstruida luego de varias d\u00e9cadas de abandono. Con el objetivo de fomentar, rescatar e impulsar el b\u00e9isbol escolar, y bajo las instrucciones del [&hellip;]<\/p>\n","protected":false},"author":1,"featured_media":923,"comment_status":"open","ping_status":"open","sticky":false,"template":"","format":"standard","meta":{"om_disable_all_campaigns":false,"_monsterinsights_skip_tracking":false,"_monsterinsights_sitenote_active":false,"_monsterinsights_sitenote_note":"","_monsterinsights_sitenote_category":0,"footnotes":""},"categories":[21],"tags":[],"class_list":{"0":"post-922","1":"post","2":"type-post","3":"status-publish","4":"format-standard","5":"has-post-thumbnail","7":"category-deporte"},"aioseo_notices":[],"_links":{"self":[{"href":"https:\/\/periodicolarepublica.com\/index.php\/wp-json\/wp\/v2\/posts\/922","targetHints":{"allow":["GET"]}}],"collection":[{"href":"https:\/\/periodicolarepublica.com\/index.php\/wp-json\/wp\/v2\/posts"}],"about":[{"href":"https:\/\/periodicolarepublica.com\/index.php\/wp-json\/wp\/v2\/types\/post"}],"author":[{"embeddable":true,"href":"https:\/\/periodicolarepublica.com\/index.php\/wp-json\/wp\/v2\/users\/1"}],"replies":[{"embeddable":true,"href":"https:\/\/periodicolarepublica.com\/index.php\/wp-json\/wp\/v2\/comments?post=922"}],"version-history":[{"count":1,"href":"https:\/\/periodicolarepublica.com\/index.php\/wp-json\/wp\/v2\/posts\/922\/revisions"}],"predecessor-version":[{"id":924,"href":"https:\/\/periodicolarepublica.com\/index.php\/wp-json\/wp\/v2\/posts\/922\/revisions\/924"}],"wp:featuredmedia":[{"embeddable":true,"href":"https:\/\/periodicolarepublica.com\/index.php\/wp-json\/wp\/v2\/media\/923"}],"wp:attachment":[{"href":"https:\/\/periodicolarepublica.com\/index.php\/wp-json\/wp\/v2\/media?parent=922"}],"wp:term":[{"taxonomy":"category","embeddable":true,"href":"https:\/\/periodicolarepublica.com\/index.php\/wp-json\/wp\/v2\/categories?post=922"},{"taxonomy":"post_tag","embeddable":true,"href":"https:\/\/periodicolarepublica.com\/index.php\/wp-json\/wp\/v2\/tags?post=922"}],"curies":[{"name":"wp","href":"https:\/\/api.w.org\/{rel}","templated":true}]}}