{"id":925,"date":"2024-05-29T14:47:29","date_gmt":"2024-05-29T12:47:29","guid":{"rendered":"https:\/\/periodicolarepublica.com\/?p=925"},"modified":"2024-05-29T14:47:29","modified_gmt":"2024-05-29T12:47:29","slug":"iad-y-utect-inician-en-nagua-plan-nacional-de-titulacion","status":"publish","type":"post","link":"https:\/\/periodicolarepublica.com\/index.php\/2024\/05\/29\/iad-y-utect-inician-en-nagua-plan-nacional-de-titulacion\/","title":{"rendered":"IAD y UTECT inician en Nagua Plan Nacional de Titulaci\u00f3n"},"content":{"rendered":"<p>El Instituto Agrario Dominicano (IAD) y la Unidad T\u00e9cnica Ejecutora de Titulaci\u00f3n de Terrenos del Estado (UTECT) realizaron este martes un lanzamiento del Plan Nacional de Titulaci\u00f3n Definitiva, con el que se proyecta entregar unos 1,500 certificados de t\u00edtulos, con un impacto positivo estimado en alrededor de 6 mil personas, pertenecientes a familias residentes en diversos sectores de este municipio de la regi\u00f3n Nordeste.<\/p>\n<p>&nbsp;<\/p>\n<p><img loading=\"lazy\" decoding=\"async\" class=\"alignnone size-medium wp-image-927\" src=\"https:\/\/periodicolarepublica.com\/wp-content\/uploads\/2024\/05\/IMG-20240529-WA0001-300x197.jpg\" alt=\"\" width=\"300\" height=\"197\" srcset=\"https:\/\/periodicolarepublica.com\/wp-content\/uploads\/2024\/05\/IMG-20240529-WA0001-300x197.jpg?v=1716986828 300w, https:\/\/periodicolarepublica.com\/wp-content\/uploads\/2024\/05\/IMG-20240529-WA0001-1024x671.jpg?v=1716986828 1024w, https:\/\/periodicolarepublica.com\/wp-content\/uploads\/2024\/05\/IMG-20240529-WA0001-768x503.jpg?v=1716986828 768w, https:\/\/periodicolarepublica.com\/wp-content\/uploads\/2024\/05\/IMG-20240529-WA0001-150x98.jpg?v=1716986828 150w, https:\/\/periodicolarepublica.com\/wp-content\/uploads\/2024\/05\/IMG-20240529-WA0001-600x393.jpg?v=1716986828 600w, https:\/\/periodicolarepublica.com\/wp-content\/uploads\/2024\/05\/IMG-20240529-WA0001-696x456.jpg?v=1716986828 696w, https:\/\/periodicolarepublica.com\/wp-content\/uploads\/2024\/05\/IMG-20240529-WA0001-1068x700.jpg?v=1716986828 1068w, https:\/\/periodicolarepublica.com\/wp-content\/uploads\/2024\/05\/IMG-20240529-WA0001.jpg?v=1716986828 1102w\" sizes=\"auto, (max-width: 300px) 100vw, 300px\" \/><\/p>\n<p>En su discurso pronunciado en el acto, el director general del IAD, agr\u00f3nomo Francisco Guillermo Garc\u00eda, destac\u00f3 que Nagua tiene el privilegio de ser el primer municipio donde se vuelve a presentar el programa de titulaci\u00f3n definitiva luego de las pasadas elecciones, reafirmando el compromiso del presidente Luis Abinader de legalizar la propiedad de las familias humildes del pa\u00eds que habitan terrenos del Estado.<\/p>\n<p>Los beneficiarios del plan de titulaci\u00f3n lanzado en Nagua ocupan predios estatales ubicados en la parcela n\u00famero 825 del Distrito Catastral 02, del municipio cabecera de la provincia Mar\u00eda trinidad S\u00e1nchez.<\/p>\n","protected":false},"excerpt":{"rendered":"<p>El Instituto Agrario Dominicano (IAD) y la Unidad T\u00e9cnica Ejecutora de Titulaci\u00f3n de Terrenos del Estado (UTECT) realizaron este martes un lanzamiento del Plan Nacional de Titulaci\u00f3n Definitiva, con el que se proyecta entregar unos 1,500 certificados de t\u00edtulos, con un impacto positivo estimado en alrededor de 6 mil personas, pertenecientes a familias residentes en [&hellip;]<\/p>\n","protected":false},"author":1,"featured_media":927,"comment_status":"open","ping_status":"open","sticky":false,"template":"","format":"standard","meta":{"om_disable_all_campaigns":false,"_monsterinsights_skip_tracking":false,"_monsterinsights_sitenote_active":false,"_monsterinsights_sitenote_note":"","_monsterinsights_sitenote_category":0,"footnotes":""},"categories":[1],"tags":[],"class_list":{"0":"post-925","1":"post","2":"type-post","3":"status-publish","4":"format-standard","5":"has-post-thumbnail","7":"category-nacionales"},"aioseo_notices":[],"_links":{"self":[{"href":"https:\/\/periodicolarepublica.com\/index.php\/wp-json\/wp\/v2\/posts\/925","targetHints":{"allow":["GET"]}}],"collection":[{"href":"https:\/\/periodicolarepublica.com\/index.php\/wp-json\/wp\/v2\/posts"}],"about":[{"href":"https:\/\/periodicolarepublica.com\/index.php\/wp-json\/wp\/v2\/types\/post"}],"author":[{"embeddable":true,"href":"https:\/\/periodicolarepublica.com\/index.php\/wp-json\/wp\/v2\/users\/1"}],"replies":[{"embeddable":true,"href":"https:\/\/periodicolarepublica.com\/index.php\/wp-json\/wp\/v2\/comments?post=925"}],"version-history":[{"count":1,"href":"https:\/\/periodicolarepublica.com\/index.php\/wp-json\/wp\/v2\/posts\/925\/revisions"}],"predecessor-version":[{"id":928,"href":"https:\/\/periodicolarepublica.com\/index.php\/wp-json\/wp\/v2\/posts\/925\/revisions\/928"}],"wp:featuredmedia":[{"embeddable":true,"href":"https:\/\/periodicolarepublica.com\/index.php\/wp-json\/wp\/v2\/media\/927"}],"wp:attachment":[{"href":"https:\/\/periodicolarepublica.com\/index.php\/wp-json\/wp\/v2\/media?parent=925"}],"wp:term":[{"taxonomy":"category","embeddable":true,"href":"https:\/\/periodicolarepublica.com\/index.php\/wp-json\/wp\/v2\/categories?post=925"},{"taxonomy":"post_tag","embeddable":true,"href":"https:\/\/periodicolarepublica.com\/index.php\/wp-json\/wp\/v2\/tags?post=925"}],"curies":[{"name":"wp","href":"https:\/\/api.w.org\/{rel}","templated":true}]}}