{"id":929,"date":"2024-05-29T14:52:33","date_gmt":"2024-05-29T12:52:33","guid":{"rendered":"https:\/\/periodicolarepublica.com\/?p=929"},"modified":"2024-05-29T14:52:33","modified_gmt":"2024-05-29T12:52:33","slug":"asonahores-crecimiento-del-turismo-depende-de-mantener-la-estructura-legal","status":"publish","type":"post","link":"https:\/\/periodicolarepublica.com\/index.php\/2024\/05\/29\/asonahores-crecimiento-del-turismo-depende-de-mantener-la-estructura-legal\/","title":{"rendered":"Asonahores; crecimiento del turismo depende de mantener la estructura legal"},"content":{"rendered":"<p>La Asociaci\u00f3n de Hoteles y Turismo de la Rep\u00fablica Dominicana, Asonahores, resalt\u00f3 la necesidad que tiene la Rep\u00fablica Dominicana de mantener la estructura legal vigente de ese sector para poder garantizar que contin\u00fae el crecimiento sostenido del turismo.<\/p>\n<p style=\"padding-left: 40px;\"><img loading=\"lazy\" decoding=\"async\" class=\"alignnone size-medium wp-image-926\" src=\"https:\/\/periodicolarepublica.com\/wp-content\/uploads\/2024\/05\/David-Llibre-300x200.jpeg\" alt=\"\" width=\"300\" height=\"200\" srcset=\"https:\/\/periodicolarepublica.com\/wp-content\/uploads\/2024\/05\/David-Llibre-300x200.jpeg?v=1716986762 300w, https:\/\/periodicolarepublica.com\/wp-content\/uploads\/2024\/05\/David-Llibre-1024x683.jpeg?v=1716986762 1024w, https:\/\/periodicolarepublica.com\/wp-content\/uploads\/2024\/05\/David-Llibre-768x512.jpeg?v=1716986762 768w, https:\/\/periodicolarepublica.com\/wp-content\/uploads\/2024\/05\/David-Llibre-150x100.jpeg?v=1716986762 150w, https:\/\/periodicolarepublica.com\/wp-content\/uploads\/2024\/05\/David-Llibre-600x400.jpeg?v=1716986762 600w, https:\/\/periodicolarepublica.com\/wp-content\/uploads\/2024\/05\/David-Llibre-696x464.jpeg?v=1716986762 696w, https:\/\/periodicolarepublica.com\/wp-content\/uploads\/2024\/05\/David-Llibre-1068x713.jpeg?v=1716986762 1068w, https:\/\/periodicolarepublica.com\/wp-content\/uploads\/2024\/05\/David-Llibre.jpeg?v=1716986762 1280w\" sizes=\"auto, (max-width: 300px) 100vw, 300px\" \/><\/p>\n<p>David Llibre, al hablar en la tradicional rueda de prensa del Ministerio de Turismo en la que se presentan los n\u00fameros del sector, Llibre afirm\u00f3 que el crecimiento de las llegadas de visitantes fortalece la econom\u00eda del pa\u00eds, dinamizando pr\u00e1cticamente todas las actividades productivas.<\/p>\n","protected":false},"excerpt":{"rendered":"<p>La Asociaci\u00f3n de Hoteles y Turismo de la Rep\u00fablica Dominicana, Asonahores, resalt\u00f3 la necesidad que tiene la Rep\u00fablica Dominicana de mantener la estructura legal vigente de ese sector para poder garantizar que contin\u00fae el crecimiento sostenido del turismo. David Llibre, al hablar en la tradicional rueda de prensa del Ministerio de Turismo en la que [&hellip;]<\/p>\n","protected":false},"author":1,"featured_media":926,"comment_status":"open","ping_status":"open","sticky":false,"template":"","format":"standard","meta":{"om_disable_all_campaigns":false,"_monsterinsights_skip_tracking":false,"_monsterinsights_sitenote_active":false,"_monsterinsights_sitenote_note":"","_monsterinsights_sitenote_category":0,"footnotes":""},"categories":[20],"tags":[226],"class_list":{"0":"post-929","1":"post","2":"type-post","3":"status-publish","4":"format-standard","5":"has-post-thumbnail","7":"category-turismo","8":"tag-asonahores"},"aioseo_notices":[],"_links":{"self":[{"href":"https:\/\/periodicolarepublica.com\/index.php\/wp-json\/wp\/v2\/posts\/929","targetHints":{"allow":["GET"]}}],"collection":[{"href":"https:\/\/periodicolarepublica.com\/index.php\/wp-json\/wp\/v2\/posts"}],"about":[{"href":"https:\/\/periodicolarepublica.com\/index.php\/wp-json\/wp\/v2\/types\/post"}],"author":[{"embeddable":true,"href":"https:\/\/periodicolarepublica.com\/index.php\/wp-json\/wp\/v2\/users\/1"}],"replies":[{"embeddable":true,"href":"https:\/\/periodicolarepublica.com\/index.php\/wp-json\/wp\/v2\/comments?post=929"}],"version-history":[{"count":1,"href":"https:\/\/periodicolarepublica.com\/index.php\/wp-json\/wp\/v2\/posts\/929\/revisions"}],"predecessor-version":[{"id":930,"href":"https:\/\/periodicolarepublica.com\/index.php\/wp-json\/wp\/v2\/posts\/929\/revisions\/930"}],"wp:featuredmedia":[{"embeddable":true,"href":"https:\/\/periodicolarepublica.com\/index.php\/wp-json\/wp\/v2\/media\/926"}],"wp:attachment":[{"href":"https:\/\/periodicolarepublica.com\/index.php\/wp-json\/wp\/v2\/media?parent=929"}],"wp:term":[{"taxonomy":"category","embeddable":true,"href":"https:\/\/periodicolarepublica.com\/index.php\/wp-json\/wp\/v2\/categories?post=929"},{"taxonomy":"post_tag","embeddable":true,"href":"https:\/\/periodicolarepublica.com\/index.php\/wp-json\/wp\/v2\/tags?post=929"}],"curies":[{"name":"wp","href":"https:\/\/api.w.org\/{rel}","templated":true}]}}