{"id":931,"date":"2024-05-29T19:05:12","date_gmt":"2024-05-29T17:05:12","guid":{"rendered":"https:\/\/periodicolarepublica.com\/?p=931"},"modified":"2024-05-29T19:05:12","modified_gmt":"2024-05-29T17:05:12","slug":"union-europea-apoyara-en-el-pais-con-global-gateway","status":"publish","type":"post","link":"https:\/\/periodicolarepublica.com\/index.php\/2024\/05\/29\/union-europea-apoyara-en-el-pais-con-global-gateway\/","title":{"rendered":"Uni\u00f3n Europea apoyar\u00e1 en el pa\u00eds con Global Gateway"},"content":{"rendered":"<p>Las inversiones inteligentes en transporte sostenible, transici\u00f3n digital, agua y saneamiento.<\/p>\n<p><img loading=\"lazy\" decoding=\"async\" class=\"alignnone size-medium wp-image-932\" src=\"https:\/\/periodicolarepublica.com\/wp-content\/uploads\/2024\/05\/IMG-20240529-WA0033-300x200.jpg\" alt=\"\" width=\"300\" height=\"200\" srcset=\"https:\/\/periodicolarepublica.com\/wp-content\/uploads\/2024\/05\/IMG-20240529-WA0033-300x200.jpg?v=1717002279 300w, https:\/\/periodicolarepublica.com\/wp-content\/uploads\/2024\/05\/IMG-20240529-WA0033-1024x683.jpg?v=1717002279 1024w, https:\/\/periodicolarepublica.com\/wp-content\/uploads\/2024\/05\/IMG-20240529-WA0033-768x512.jpg?v=1717002279 768w, https:\/\/periodicolarepublica.com\/wp-content\/uploads\/2024\/05\/IMG-20240529-WA0033-1536x1025.jpg?v=1717002279 1536w, https:\/\/periodicolarepublica.com\/wp-content\/uploads\/2024\/05\/IMG-20240529-WA0033-2048x1366.jpg?v=1717002279 2048w, https:\/\/periodicolarepublica.com\/wp-content\/uploads\/2024\/05\/IMG-20240529-WA0033-150x100.jpg?v=1717002279 150w, https:\/\/periodicolarepublica.com\/wp-content\/uploads\/2024\/05\/IMG-20240529-WA0033-600x400.jpg?v=1717002279 600w, https:\/\/periodicolarepublica.com\/wp-content\/uploads\/2024\/05\/IMG-20240529-WA0033-696x464.jpg?v=1717002279 696w, https:\/\/periodicolarepublica.com\/wp-content\/uploads\/2024\/05\/IMG-20240529-WA0033-1392x929.jpg?v=1717002279 1392w, https:\/\/periodicolarepublica.com\/wp-content\/uploads\/2024\/05\/IMG-20240529-WA0033-1068x712.jpg?v=1717002279 1068w, https:\/\/periodicolarepublica.com\/wp-content\/uploads\/2024\/05\/IMG-20240529-WA0033-1920x1281.jpg?v=1717002279 1920w\" sizes=\"auto, (max-width: 300px) 100vw, 300px\" \/><\/p>\n<p>La vicepresidenta Raquel Pe\u00f1a, quien estaba presente en el acto, resalt\u00f3 que la estrategia Global Gateway ofrece oportunidades en t\u00e9rminos de inversiones para mantener el impulso al desarrollo sostenible y promover el crecimiento econ\u00f3mico, la innovaci\u00f3n y la resiliencia medioambiental<\/p>\n<p>El Gobierno dominicano y la Uni\u00f3n Europea presentaron la estrategia Global Gateway para promover en el pa\u00eds las inversiones inteligentes en \u00e1reas prioritarias como el transporte sostenible, la transici\u00f3n digital y el agua y saneamiento.<\/p>\n<p>Encabezado por la vicepresidenta de la Rep\u00fablica, Raquel Pe\u00f1a, y la comisaria europea de Asociaciones Internacionales, Jutta Urpilainen, el acto de presentaci\u00f3n tuvo lugar en la sede del Ministerio de Relaciones Exteriores, donde representantes de los sectores p\u00fablico y privado, as\u00ed como de otras organizaciones internacionales y agencias de cooperaci\u00f3n, conocieron el funcionamiento y las oportunidades que representa la estrategia Global Gateway para la Rep\u00fablica Dominicana.<\/p>\n<p>La vicepresidenta Raquel Pe\u00f1a expres\u00f3 que la estrategia Global Gateway ofrece oportunidades en t\u00e9rminos de inversiones para mantener el impulso al desarrollo sostenible y promover el crecimiento econ\u00f3mico, la innovaci\u00f3n y la resiliencia medioambiental.<\/p>\n<p>Pe\u00f1a dijo estar segura de que la estrategia Global Gateway de la Uni\u00f3n Europea desempe\u00f1ar\u00e1, adem\u00e1s, un papel fundamental en el fortalecimiento de los lazos econ\u00f3micos y de cooperaci\u00f3n.<\/p>\n<p>\u201cLa Uni\u00f3n Europea es un socio clave para la Rep\u00fablica Dominicana y, en el contexto actual, que ha puesto de manifiesto la cada vez mayor interdependencia de los Estados y las regiones del mundo, es necesario profundizar la cooperaci\u00f3n a fin de alcanzar estas metas, aprovechar los cambios tecnol\u00f3gicos y luchar para reducir las desigualdades\u201d, expres\u00f3 la vicemandataria.<\/p>\n<p>De su lado, el ministro de Econom\u00eda, Planificaci\u00f3n y Desarrollo, P\u00e1vel Isa Conteras, explic\u00f3 que la Agenda de Inversi\u00f3n UE-ALC de la iniciativa Global Gateway incluye cuatro proyectos para la Rep\u00fablica Dominicana, en las \u00e1reas de infraestructura de transporte urbano, gesti\u00f3n de aguas residuales, bonos verdes y ciberseguridad.<\/p>\n","protected":false},"excerpt":{"rendered":"<p>Las inversiones inteligentes en transporte sostenible, transici\u00f3n digital, agua y saneamiento. La vicepresidenta Raquel Pe\u00f1a, quien estaba presente en el acto, resalt\u00f3 que la estrategia Global Gateway ofrece oportunidades en t\u00e9rminos de inversiones para mantener el impulso al desarrollo sostenible y promover el crecimiento econ\u00f3mico, la innovaci\u00f3n y la resiliencia medioambiental El Gobierno dominicano y [&hellip;]<\/p>\n","protected":false},"author":1,"featured_media":932,"comment_status":"open","ping_status":"open","sticky":false,"template":"","format":"standard","meta":{"om_disable_all_campaigns":false,"_monsterinsights_skip_tracking":false,"_monsterinsights_sitenote_active":false,"_monsterinsights_sitenote_note":"","_monsterinsights_sitenote_category":0,"footnotes":""},"categories":[1],"tags":[],"class_list":{"0":"post-931","1":"post","2":"type-post","3":"status-publish","4":"format-standard","5":"has-post-thumbnail","7":"category-nacionales"},"aioseo_notices":[],"_links":{"self":[{"href":"https:\/\/periodicolarepublica.com\/index.php\/wp-json\/wp\/v2\/posts\/931","targetHints":{"allow":["GET"]}}],"collection":[{"href":"https:\/\/periodicolarepublica.com\/index.php\/wp-json\/wp\/v2\/posts"}],"about":[{"href":"https:\/\/periodicolarepublica.com\/index.php\/wp-json\/wp\/v2\/types\/post"}],"author":[{"embeddable":true,"href":"https:\/\/periodicolarepublica.com\/index.php\/wp-json\/wp\/v2\/users\/1"}],"replies":[{"embeddable":true,"href":"https:\/\/periodicolarepublica.com\/index.php\/wp-json\/wp\/v2\/comments?post=931"}],"version-history":[{"count":1,"href":"https:\/\/periodicolarepublica.com\/index.php\/wp-json\/wp\/v2\/posts\/931\/revisions"}],"predecessor-version":[{"id":933,"href":"https:\/\/periodicolarepublica.com\/index.php\/wp-json\/wp\/v2\/posts\/931\/revisions\/933"}],"wp:featuredmedia":[{"embeddable":true,"href":"https:\/\/periodicolarepublica.com\/index.php\/wp-json\/wp\/v2\/media\/932"}],"wp:attachment":[{"href":"https:\/\/periodicolarepublica.com\/index.php\/wp-json\/wp\/v2\/media?parent=931"}],"wp:term":[{"taxonomy":"category","embeddable":true,"href":"https:\/\/periodicolarepublica.com\/index.php\/wp-json\/wp\/v2\/categories?post=931"},{"taxonomy":"post_tag","embeddable":true,"href":"https:\/\/periodicolarepublica.com\/index.php\/wp-json\/wp\/v2\/tags?post=931"}],"curies":[{"name":"wp","href":"https:\/\/api.w.org\/{rel}","templated":true}]}}