{"id":934,"date":"2024-05-29T19:31:54","date_gmt":"2024-05-29T17:31:54","guid":{"rendered":"https:\/\/periodicolarepublica.com\/?p=934"},"modified":"2024-05-29T19:31:54","modified_gmt":"2024-05-29T17:31:54","slug":"vicepresidenta-raquel-pena-encabeza-presentacion-global-gateway-con-union-europea","status":"publish","type":"post","link":"https:\/\/periodicolarepublica.com\/index.php\/2024\/05\/29\/vicepresidenta-raquel-pena-encabeza-presentacion-global-gateway-con-union-europea\/","title":{"rendered":"Vicepresidenta Raquel Pe\u00f1a, encabeza presentaci\u00f3n Global Gateway con Uni\u00f3n Europea\u00a0"},"content":{"rendered":"<p>La vicepresidenta Raquel Pe\u00f1a encabez\u00f3 la presentaci\u00f3n del Global Gateway junto a la Uni\u00f3n Europea, un programa que tiene como objetivo fortalecer las relaciones comerciales y de cooperaci\u00f3n con la Rep\u00fablica Dominicana.<\/p>\n<p><img loading=\"lazy\" decoding=\"async\" class=\"alignnone size-medium wp-image-935\" src=\"https:\/\/periodicolarepublica.com\/wp-content\/uploads\/2024\/05\/IMG_20240529_131540-300x164.jpg\" alt=\"\" width=\"300\" height=\"164\" srcset=\"https:\/\/periodicolarepublica.com\/wp-content\/uploads\/2024\/05\/IMG_20240529_131540-300x164.jpg?v=1717003867 300w, https:\/\/periodicolarepublica.com\/wp-content\/uploads\/2024\/05\/IMG_20240529_131540-768x420.jpg?v=1717003867 768w, https:\/\/periodicolarepublica.com\/wp-content\/uploads\/2024\/05\/IMG_20240529_131540-150x82.jpg?v=1717003867 150w, https:\/\/periodicolarepublica.com\/wp-content\/uploads\/2024\/05\/IMG_20240529_131540-600x328.jpg?v=1717003867 600w, https:\/\/periodicolarepublica.com\/wp-content\/uploads\/2024\/05\/IMG_20240529_131540-696x381.jpg?v=1717003867 696w, https:\/\/periodicolarepublica.com\/wp-content\/uploads\/2024\/05\/IMG_20240529_131540.jpg?v=1717003867 877w\" sizes=\"auto, (max-width: 300px) 100vw, 300px\" \/><\/p>\n<p>Durante la presentaci\u00f3n, la vicepresidenta destac\u00f3 la importancia de fomentar el comercio y la inversi\u00f3n, as\u00ed como de promover el intercambio de conocimientos y tecnolog\u00eda. Adem\u00e1s, resalt\u00f3 el compromiso del gobierno dominicano de seguir trabajando en la consolidaci\u00f3n de una relaci\u00f3n s\u00f3lida y beneficiosa.<\/p>\n<p>El Global Gateway es un programa ambicioso que busca potenciar la colaboraci\u00f3n entre la Rep\u00fablica Dominicana y la Uni\u00f3n Europea en \u00e1reas como la econom\u00eda, la educaci\u00f3n, la salud y el desarrollo sostenible. Se espera que esta iniciativa genere importantes beneficios para el pa\u00eds.<\/p>\n","protected":false},"excerpt":{"rendered":"<p>La vicepresidenta Raquel Pe\u00f1a encabez\u00f3 la presentaci\u00f3n del Global Gateway junto a la Uni\u00f3n Europea, un programa que tiene como objetivo fortalecer las relaciones comerciales y de cooperaci\u00f3n con la Rep\u00fablica Dominicana. Durante la presentaci\u00f3n, la vicepresidenta destac\u00f3 la importancia de fomentar el comercio y la inversi\u00f3n, as\u00ed como de promover el intercambio de conocimientos [&hellip;]<\/p>\n","protected":false},"author":1,"featured_media":935,"comment_status":"open","ping_status":"open","sticky":false,"template":"","format":"standard","meta":{"om_disable_all_campaigns":false,"_monsterinsights_skip_tracking":false,"_monsterinsights_sitenote_active":false,"_monsterinsights_sitenote_note":"","_monsterinsights_sitenote_category":0,"footnotes":""},"categories":[1],"tags":[],"class_list":{"0":"post-934","1":"post","2":"type-post","3":"status-publish","4":"format-standard","5":"has-post-thumbnail","7":"category-nacionales"},"aioseo_notices":[],"_links":{"self":[{"href":"https:\/\/periodicolarepublica.com\/index.php\/wp-json\/wp\/v2\/posts\/934","targetHints":{"allow":["GET"]}}],"collection":[{"href":"https:\/\/periodicolarepublica.com\/index.php\/wp-json\/wp\/v2\/posts"}],"about":[{"href":"https:\/\/periodicolarepublica.com\/index.php\/wp-json\/wp\/v2\/types\/post"}],"author":[{"embeddable":true,"href":"https:\/\/periodicolarepublica.com\/index.php\/wp-json\/wp\/v2\/users\/1"}],"replies":[{"embeddable":true,"href":"https:\/\/periodicolarepublica.com\/index.php\/wp-json\/wp\/v2\/comments?post=934"}],"version-history":[{"count":1,"href":"https:\/\/periodicolarepublica.com\/index.php\/wp-json\/wp\/v2\/posts\/934\/revisions"}],"predecessor-version":[{"id":936,"href":"https:\/\/periodicolarepublica.com\/index.php\/wp-json\/wp\/v2\/posts\/934\/revisions\/936"}],"wp:featuredmedia":[{"embeddable":true,"href":"https:\/\/periodicolarepublica.com\/index.php\/wp-json\/wp\/v2\/media\/935"}],"wp:attachment":[{"href":"https:\/\/periodicolarepublica.com\/index.php\/wp-json\/wp\/v2\/media?parent=934"}],"wp:term":[{"taxonomy":"category","embeddable":true,"href":"https:\/\/periodicolarepublica.com\/index.php\/wp-json\/wp\/v2\/categories?post=934"},{"taxonomy":"post_tag","embeddable":true,"href":"https:\/\/periodicolarepublica.com\/index.php\/wp-json\/wp\/v2\/tags?post=934"}],"curies":[{"name":"wp","href":"https:\/\/api.w.org\/{rel}","templated":true}]}}