{"id":951,"date":"2024-06-01T20:25:41","date_gmt":"2024-06-01T18:25:41","guid":{"rendered":"https:\/\/periodicolarepublica.com\/?p=951"},"modified":"2024-06-01T20:25:41","modified_gmt":"2024-06-01T18:25:41","slug":"ydalia-almonte-destaca-el-trabajo-del-ministro-de-salud-publica-y-del-coronel-de-migracion","status":"publish","type":"post","link":"https:\/\/periodicolarepublica.com\/index.php\/2024\/06\/01\/ydalia-almonte-destaca-el-trabajo-del-ministro-de-salud-publica-y-del-coronel-de-migracion\/","title":{"rendered":"Ydalia Almonte destaca el trabajo del Ministro de Salud P\u00fablica y del Coronel de Migraci\u00f3n"},"content":{"rendered":"\r\n<p><img loading=\"lazy\" decoding=\"async\" class=\"size-medium wp-image-959 alignright\" src=\"https:\/\/periodicolarepublica.com\/wp-content\/uploads\/2024\/06\/20240601_142429-241x300.jpg\" alt=\"\" width=\"241\" height=\"300\" srcset=\"https:\/\/periodicolarepublica.com\/wp-content\/uploads\/2024\/06\/20240601_142429-241x300.jpg?v=1717266323 241w, https:\/\/periodicolarepublica.com\/wp-content\/uploads\/2024\/06\/20240601_142429-821x1024.jpg?v=1717266323 821w, https:\/\/periodicolarepublica.com\/wp-content\/uploads\/2024\/06\/20240601_142429-768x958.jpg?v=1717266323 768w, https:\/\/periodicolarepublica.com\/wp-content\/uploads\/2024\/06\/20240601_142429-150x187.jpg?v=1717266323 150w, https:\/\/periodicolarepublica.com\/wp-content\/uploads\/2024\/06\/20240601_142429-300x374.jpg?v=1717266323 300w, https:\/\/periodicolarepublica.com\/wp-content\/uploads\/2024\/06\/20240601_142429-600x748.jpg?v=1717266323 600w, https:\/\/periodicolarepublica.com\/wp-content\/uploads\/2024\/06\/20240601_142429-696x868.jpg?v=1717266323 696w, https:\/\/periodicolarepublica.com\/wp-content\/uploads\/2024\/06\/20240601_142429.jpg?v=1717266323 833w\" sizes=\"auto, (max-width: 241px) 100vw, 241px\" \/>Santiago RD- La joven l\u00edder comunitaria Ydalia Almonte particip\u00f3 recientemente en el programa FUNGIENDO conducido por Danny Taveras, donde resalt\u00f3 la labor que viene desarrollando el Ministro de Salud P\u00fablica, Dr. V\u00edctor Atallah, en la Jornada contra el Dengue, as\u00ed como el trabajo del coronel Valbuena, de Migraci\u00f3n de la provincia de Santiago, a favor de los m\u00e1s necesitados en la comunidad.<br \/><br \/><br \/>La joven l\u00edder\u00a0 Ydalia Almonte, destacada activista comunitaria, habl\u00f3 sobre los esfuerzos que vienen realizando importantes figuras p\u00fablicas en beneficio de la poblaci\u00f3n. <br \/><br \/>Almonte se refiri\u00f3 en primer lugar al Ministro de Salud P\u00fablica, Dr. V\u00edctor Atallah, cuya gesti\u00f3n al frente de la Jornada contra el Dengue ha sido reconocida por la comunidad. \u00abEl Ministro Atallah ha demostrado un compromiso inquebrantable en la lucha contra el dengue, enfermedad que sigue afectando a muchas familias. Sus acciones y campa\u00f1as de prevenci\u00f3n han sido fundamentales\u00bb, destac\u00f3 Almonte. <br \/><br \/>Asimismo, la activista resalt\u00f3 el trabajo del coronel Valbuena,\u00a0 de Migraci\u00f3n de la provincia de Santiago, por su labor a favor de los m\u00e1s necesitados en la comunidad. \u00abEl coronel Valbuena ha sido un aliado clave para muchas familias migrantes que requieren apoyo. Su enfoque humano y su disposici\u00f3n a brindar asistencia han sido sumamente valiosos\u00bb, afirm\u00f3 Almonte. <br \/><br \/>Las palabras de la joven l\u00edder comunitaria reflejan el reconocimiento que sectores de la poblaci\u00f3n tienen hacia funcionarios p\u00fablicos que han demostrado sensibilidad y efectividad en sus programas y acciones en beneficio de la comunidad.<\/p>\r\n","protected":false},"excerpt":{"rendered":"<p>Santiago RD- La joven l\u00edder comunitaria Ydalia Almonte particip\u00f3 recientemente en el programa FUNGIENDO conducido por Danny Taveras, donde resalt\u00f3 la labor que viene desarrollando el Ministro de Salud P\u00fablica, Dr. V\u00edctor Atallah, en la Jornada contra el Dengue, as\u00ed como el trabajo del coronel Valbuena, de Migraci\u00f3n de la provincia de Santiago, a favor [&hellip;]<\/p>\n","protected":false},"author":6,"featured_media":959,"comment_status":"open","ping_status":"open","sticky":false,"template":"","format":"standard","meta":{"om_disable_all_campaigns":false,"_monsterinsights_skip_tracking":false,"_monsterinsights_sitenote_active":false,"_monsterinsights_sitenote_note":"","_monsterinsights_sitenote_category":0,"footnotes":""},"categories":[1],"tags":[],"class_list":{"0":"post-951","1":"post","2":"type-post","3":"status-publish","4":"format-standard","5":"has-post-thumbnail","7":"category-nacionales"},"aioseo_notices":[],"_links":{"self":[{"href":"https:\/\/periodicolarepublica.com\/index.php\/wp-json\/wp\/v2\/posts\/951","targetHints":{"allow":["GET"]}}],"collection":[{"href":"https:\/\/periodicolarepublica.com\/index.php\/wp-json\/wp\/v2\/posts"}],"about":[{"href":"https:\/\/periodicolarepublica.com\/index.php\/wp-json\/wp\/v2\/types\/post"}],"author":[{"embeddable":true,"href":"https:\/\/periodicolarepublica.com\/index.php\/wp-json\/wp\/v2\/users\/6"}],"replies":[{"embeddable":true,"href":"https:\/\/periodicolarepublica.com\/index.php\/wp-json\/wp\/v2\/comments?post=951"}],"version-history":[{"count":2,"href":"https:\/\/periodicolarepublica.com\/index.php\/wp-json\/wp\/v2\/posts\/951\/revisions"}],"predecessor-version":[{"id":960,"href":"https:\/\/periodicolarepublica.com\/index.php\/wp-json\/wp\/v2\/posts\/951\/revisions\/960"}],"wp:featuredmedia":[{"embeddable":true,"href":"https:\/\/periodicolarepublica.com\/index.php\/wp-json\/wp\/v2\/media\/959"}],"wp:attachment":[{"href":"https:\/\/periodicolarepublica.com\/index.php\/wp-json\/wp\/v2\/media?parent=951"}],"wp:term":[{"taxonomy":"category","embeddable":true,"href":"https:\/\/periodicolarepublica.com\/index.php\/wp-json\/wp\/v2\/categories?post=951"},{"taxonomy":"post_tag","embeddable":true,"href":"https:\/\/periodicolarepublica.com\/index.php\/wp-json\/wp\/v2\/tags?post=951"}],"curies":[{"name":"wp","href":"https:\/\/api.w.org\/{rel}","templated":true}]}}