{"id":958,"date":"2024-06-03T19:59:27","date_gmt":"2024-06-03T17:59:27","guid":{"rendered":"https:\/\/periodicolarepublica.com\/?p=958"},"modified":"2024-06-03T19:59:27","modified_gmt":"2024-06-03T17:59:27","slug":"presidente-del-movimiento-poder-pal-pueblo-califica-a-leonel-fernandez-como-cinico-y-sinverguenza","status":"publish","type":"post","link":"https:\/\/periodicolarepublica.com\/index.php\/2024\/06\/03\/presidente-del-movimiento-poder-pal-pueblo-califica-a-leonel-fernandez-como-cinico-y-sinverguenza\/","title":{"rendered":"Presidente del Movimiento Poder Pa&#8217;l Pueblo califica a Leonel Fern\u00e1ndez como \u00abc\u00ednico y sinverg\u00fcenza\u00bb"},"content":{"rendered":"\r\n<p><img loading=\"lazy\" decoding=\"async\" class=\"size-medium wp-image-963 alignright\" src=\"https:\/\/periodicolarepublica.com\/wp-content\/uploads\/2024\/06\/IMG-20240202-WA0409-300x205.jpg\" alt=\"\" width=\"300\" height=\"205\" srcset=\"https:\/\/periodicolarepublica.com\/wp-content\/uploads\/2024\/06\/IMG-20240202-WA0409-300x205.jpg?v=1717437535 300w, https:\/\/periodicolarepublica.com\/wp-content\/uploads\/2024\/06\/IMG-20240202-WA0409-1024x698.jpg?v=1717437535 1024w, https:\/\/periodicolarepublica.com\/wp-content\/uploads\/2024\/06\/IMG-20240202-WA0409-768x524.jpg?v=1717437535 768w, https:\/\/periodicolarepublica.com\/wp-content\/uploads\/2024\/06\/IMG-20240202-WA0409-150x102.jpg?v=1717437535 150w, https:\/\/periodicolarepublica.com\/wp-content\/uploads\/2024\/06\/IMG-20240202-WA0409-218x150.jpg?v=1717437535 218w, https:\/\/periodicolarepublica.com\/wp-content\/uploads\/2024\/06\/IMG-20240202-WA0409-436x300.jpg?v=1717437535 436w, https:\/\/periodicolarepublica.com\/wp-content\/uploads\/2024\/06\/IMG-20240202-WA0409-600x409.jpg?v=1717437535 600w, https:\/\/periodicolarepublica.com\/wp-content\/uploads\/2024\/06\/IMG-20240202-WA0409-696x475.jpg?v=1717437535 696w, https:\/\/periodicolarepublica.com\/wp-content\/uploads\/2024\/06\/IMG-20240202-WA0409-1068x728.jpg?v=1717437535 1068w, https:\/\/periodicolarepublica.com\/wp-content\/uploads\/2024\/06\/IMG-20240202-WA0409.jpg?v=1717437535 1236w\" sizes=\"auto, (max-width: 300px) 100vw, 300px\" \/><br \/>El presidente del Movimiento Poder Pa&#8217;l Pueblo, el ingeniero Tom\u00e1s Hern\u00e1ndez Alberto, realiz\u00f3 duras declaraciones contra el expresidente Leonel Fern\u00e1ndez, a quien calific\u00f3 de \u00abc\u00ednico y sinverg\u00fcenza\u00bb, adem\u00e1s de \u00absimulador y falsante\u00bb. <br \/><br \/>Hern\u00e1ndez Alberto afirm\u00f3 que el actual presidente Luis Abinader gan\u00f3 las \u00faltimas elecciones con casi 30 puntos de diferencia respecto al candidato m\u00e1s cercano, presumiblemente Fern\u00e1ndez.<br \/><br \/><br \/>En unas declaraciones realizadas el d\u00eda de hoy, el presidente del Movimiento Poder Pa&#8217;l Pueblo, Tom\u00e1s Hern\u00e1ndez Alberto, arremeti\u00f3 fuertemente contra el expresidente Leonel Fern\u00e1ndez. <br \/><br \/>Hern\u00e1ndez Alberto calific\u00f3 a Fern\u00e1ndez como \u00abc\u00ednico y sinverg\u00fcenza\u00bb, acus\u00e1ndolo adem\u00e1s de ser \u00abun simulador y falsante\u00bb. <br \/><br \/>El presidente del Movimiento Poder Pa&#8217;l Pueblo sostuvo que en las \u00faltimas elecciones presidenciales, el actual mandatario, Luis Abinader, obtuvo una victoria contundente, superando al candidato m\u00e1s cercano, presumiblemente Fern\u00e1ndez, por casi 30 puntos porcentuales.<\/p>\r\n","protected":false},"excerpt":{"rendered":"<p>El presidente del Movimiento Poder Pa&#8217;l Pueblo, el ingeniero Tom\u00e1s Hern\u00e1ndez Alberto, realiz\u00f3 duras declaraciones contra el expresidente Leonel Fern\u00e1ndez, a quien calific\u00f3 de \u00abc\u00ednico y sinverg\u00fcenza\u00bb, adem\u00e1s de \u00absimulador y falsante\u00bb. Hern\u00e1ndez Alberto afirm\u00f3 que el actual presidente Luis Abinader gan\u00f3 las \u00faltimas elecciones con casi 30 puntos de diferencia respecto al candidato m\u00e1s [&hellip;]<\/p>\n","protected":false},"author":6,"featured_media":963,"comment_status":"open","ping_status":"open","sticky":false,"template":"","format":"standard","meta":{"om_disable_all_campaigns":false,"_monsterinsights_skip_tracking":false,"_monsterinsights_sitenote_active":false,"_monsterinsights_sitenote_note":"","_monsterinsights_sitenote_category":0,"footnotes":""},"categories":[127],"tags":[164,163],"class_list":{"0":"post-958","1":"post","2":"type-post","3":"status-publish","4":"format-standard","5":"has-post-thumbnail","7":"category-politica","8":"tag-movimiento-poder-pal-pueblo","9":"tag-tomas-hernandez-alberto"},"aioseo_notices":[],"_links":{"self":[{"href":"https:\/\/periodicolarepublica.com\/index.php\/wp-json\/wp\/v2\/posts\/958","targetHints":{"allow":["GET"]}}],"collection":[{"href":"https:\/\/periodicolarepublica.com\/index.php\/wp-json\/wp\/v2\/posts"}],"about":[{"href":"https:\/\/periodicolarepublica.com\/index.php\/wp-json\/wp\/v2\/types\/post"}],"author":[{"embeddable":true,"href":"https:\/\/periodicolarepublica.com\/index.php\/wp-json\/wp\/v2\/users\/6"}],"replies":[{"embeddable":true,"href":"https:\/\/periodicolarepublica.com\/index.php\/wp-json\/wp\/v2\/comments?post=958"}],"version-history":[{"count":2,"href":"https:\/\/periodicolarepublica.com\/index.php\/wp-json\/wp\/v2\/posts\/958\/revisions"}],"predecessor-version":[{"id":964,"href":"https:\/\/periodicolarepublica.com\/index.php\/wp-json\/wp\/v2\/posts\/958\/revisions\/964"}],"wp:featuredmedia":[{"embeddable":true,"href":"https:\/\/periodicolarepublica.com\/index.php\/wp-json\/wp\/v2\/media\/963"}],"wp:attachment":[{"href":"https:\/\/periodicolarepublica.com\/index.php\/wp-json\/wp\/v2\/media?parent=958"}],"wp:term":[{"taxonomy":"category","embeddable":true,"href":"https:\/\/periodicolarepublica.com\/index.php\/wp-json\/wp\/v2\/categories?post=958"},{"taxonomy":"post_tag","embeddable":true,"href":"https:\/\/periodicolarepublica.com\/index.php\/wp-json\/wp\/v2\/tags?post=958"}],"curies":[{"name":"wp","href":"https:\/\/api.w.org\/{rel}","templated":true}]}}