{"id":962,"date":"2024-06-04T14:34:03","date_gmt":"2024-06-04T12:34:03","guid":{"rendered":"https:\/\/periodicolarepublica.com\/?p=962"},"modified":"2024-06-04T14:34:03","modified_gmt":"2024-06-04T12:34:03","slug":"es-notoria-labor-del-ministro-de-salud-publica-y-asistencia-social-doctor-victor-atallah","status":"publish","type":"post","link":"https:\/\/periodicolarepublica.com\/index.php\/2024\/06\/04\/es-notoria-labor-del-ministro-de-salud-publica-y-asistencia-social-doctor-victor-atallah\/","title":{"rendered":"Es Notoria labor del Ministro de Salud P\u00fablica y Asistencia Social Doctor V\u00edctor Atallah,"},"content":{"rendered":"\r\n<p><img loading=\"lazy\" decoding=\"async\" class=\"size-medium wp-image-920 alignright\" src=\"https:\/\/periodicolarepublica.com\/wp-content\/uploads\/2024\/05\/IMG-20240528-WA0060-300x200.jpg\" alt=\"\" width=\"300\" height=\"200\" srcset=\"https:\/\/periodicolarepublica.com\/wp-content\/uploads\/2024\/05\/IMG-20240528-WA0060-300x200.jpg?v=1716909109 300w, https:\/\/periodicolarepublica.com\/wp-content\/uploads\/2024\/05\/IMG-20240528-WA0060-1024x683.jpg?v=1716909109 1024w, https:\/\/periodicolarepublica.com\/wp-content\/uploads\/2024\/05\/IMG-20240528-WA0060-768x512.jpg?v=1716909109 768w, https:\/\/periodicolarepublica.com\/wp-content\/uploads\/2024\/05\/IMG-20240528-WA0060-150x100.jpg?v=1716909109 150w, https:\/\/periodicolarepublica.com\/wp-content\/uploads\/2024\/05\/IMG-20240528-WA0060-600x400.jpg?v=1716909109 600w, https:\/\/periodicolarepublica.com\/wp-content\/uploads\/2024\/05\/IMG-20240528-WA0060-696x464.jpg?v=1716909109 696w, https:\/\/periodicolarepublica.com\/wp-content\/uploads\/2024\/05\/IMG-20240528-WA0060-1068x712.jpg?v=1716909109 1068w, https:\/\/periodicolarepublica.com\/wp-content\/uploads\/2024\/05\/IMG-20240528-WA0060.jpg?v=1716909109 1080w\" sizes=\"auto, (max-width: 300px) 100vw, 300px\" \/>Por: Justino Silverio <br \/><br \/>Santiago de los Caballeros.- El nuevo Ministro de Salud P\u00fablica y Asistencia Social, Doctor V\u00edctor Atallah; designado mediante decreto No. 36-24, por el Presidente Luis Abinader y en sustituci\u00f3n del actual Senador electo por la Provincia Santiago, Doctor Daniel Rivera, por el Partido Revolucionario Moderno, viene desarrollando una amplia y significativa labor, en algo m\u00e1s de tres meses al frente de ese importante ministerio. <br \/><br \/>Cabe destacar, la grandes jornadas contra el Dengue y otras enfermedades infecto contagiosas , aplicadas en toda la Regi\u00f3n del Cibao y Santiago de los Caballeros. <br \/><br \/>Es notable el impacto positivo en la disminuci\u00f3n de este caso en los \u00faltimos a\u00f1os. Ha sido significativo y muy notorio, en estos \u00faltimos tres meses, luego de la inclusi\u00f3n de medidas significativas y gracias a la campa\u00f1a puesta en marcha por el nuevo Ministro de Salud, Dr. V\u00edctor Atallah, como respuestas a las instrucciones asignadas por el Presidente Luis Abinader. <br \/><br \/>Otros resultados positivos que son notorios en este primer trimestre del Doctor Atallah al frente del Ministerio de Salud P\u00fablica y Asistencia Social, es la revoluci\u00f3n en toda el \u00e1rea de salud. <br \/><br \/>Acuerdos internacionales con miras a la mejora de la infraestructura y los servicios b\u00e1sicos en los hospitales del estado, seguros y planes b\u00e1sicos para beneficios de los usuarios. <br \/><br \/>El Doctor V\u00edctor Elias Atallah Lajam, tiene una larga trayectoria de m\u00e1s de 25 a\u00f1os en el ejercicio de su profesi\u00f3n, siendo adem\u00e1s Cofundador del Primer Programa de Medicina Nuclear en CEDIMAT y Coautor de numerosas publicacion<\/p>\r\n","protected":false},"excerpt":{"rendered":"<p>Por: Justino Silverio Santiago de los Caballeros.- El nuevo Ministro de Salud P\u00fablica y Asistencia Social, Doctor V\u00edctor Atallah; designado mediante decreto No. 36-24, por el Presidente Luis Abinader y en sustituci\u00f3n del actual Senador electo por la Provincia Santiago, Doctor Daniel Rivera, por el Partido Revolucionario Moderno, viene desarrollando una amplia y significativa labor, [&hellip;]<\/p>\n","protected":false},"author":6,"featured_media":920,"comment_status":"open","ping_status":"open","sticky":false,"template":"","format":"standard","meta":{"om_disable_all_campaigns":false,"_monsterinsights_skip_tracking":false,"_monsterinsights_sitenote_active":false,"_monsterinsights_sitenote_note":"","_monsterinsights_sitenote_category":0,"footnotes":""},"categories":[206],"tags":[175,161],"class_list":{"0":"post-962","1":"post","2":"type-post","3":"status-publish","4":"format-standard","5":"has-post-thumbnail","7":"category-la-republica-del-cibao","8":"tag-ministro-de-salud-publica","9":"tag-victor-atallah"},"aioseo_notices":[],"_links":{"self":[{"href":"https:\/\/periodicolarepublica.com\/index.php\/wp-json\/wp\/v2\/posts\/962","targetHints":{"allow":["GET"]}}],"collection":[{"href":"https:\/\/periodicolarepublica.com\/index.php\/wp-json\/wp\/v2\/posts"}],"about":[{"href":"https:\/\/periodicolarepublica.com\/index.php\/wp-json\/wp\/v2\/types\/post"}],"author":[{"embeddable":true,"href":"https:\/\/periodicolarepublica.com\/index.php\/wp-json\/wp\/v2\/users\/6"}],"replies":[{"embeddable":true,"href":"https:\/\/periodicolarepublica.com\/index.php\/wp-json\/wp\/v2\/comments?post=962"}],"version-history":[{"count":2,"href":"https:\/\/periodicolarepublica.com\/index.php\/wp-json\/wp\/v2\/posts\/962\/revisions"}],"predecessor-version":[{"id":967,"href":"https:\/\/periodicolarepublica.com\/index.php\/wp-json\/wp\/v2\/posts\/962\/revisions\/967"}],"wp:featuredmedia":[{"embeddable":true,"href":"https:\/\/periodicolarepublica.com\/index.php\/wp-json\/wp\/v2\/media\/920"}],"wp:attachment":[{"href":"https:\/\/periodicolarepublica.com\/index.php\/wp-json\/wp\/v2\/media?parent=962"}],"wp:term":[{"taxonomy":"category","embeddable":true,"href":"https:\/\/periodicolarepublica.com\/index.php\/wp-json\/wp\/v2\/categories?post=962"},{"taxonomy":"post_tag","embeddable":true,"href":"https:\/\/periodicolarepublica.com\/index.php\/wp-json\/wp\/v2\/tags?post=962"}],"curies":[{"name":"wp","href":"https:\/\/api.w.org\/{rel}","templated":true}]}}