{"id":966,"date":"2024-06-05T14:11:02","date_gmt":"2024-06-05T12:11:02","guid":{"rendered":"https:\/\/periodicolarepublica.com\/?p=966"},"modified":"2024-06-05T14:27:32","modified_gmt":"2024-06-05T12:27:32","slug":"el-liderazgo-ejemplar-del-ministro-atallah-en-la-gestion-de-la-salud-publica","status":"publish","type":"post","link":"https:\/\/periodicolarepublica.com\/index.php\/2024\/06\/05\/el-liderazgo-ejemplar-del-ministro-atallah-en-la-gestion-de-la-salud-publica\/","title":{"rendered":"\u00abEl liderazgo ejemplar del Ministro Atallah en la gesti\u00f3n de la salud p\u00fablica\u00bb"},"content":{"rendered":"\r\n<p><img loading=\"lazy\" decoding=\"async\" class=\"size-medium wp-image-970 alignright\" src=\"https:\/\/periodicolarepublica.com\/wp-content\/uploads\/2024\/06\/1-300x300.jpg\" alt=\"\" width=\"300\" height=\"300\" srcset=\"https:\/\/periodicolarepublica.com\/wp-content\/uploads\/2024\/06\/1-300x300.jpg?v=1717589420 300w, https:\/\/periodicolarepublica.com\/wp-content\/uploads\/2024\/06\/1-1024x1024.jpg?v=1717589420 1024w, https:\/\/periodicolarepublica.com\/wp-content\/uploads\/2024\/06\/1-150x150.jpg?v=1717589420 150w, https:\/\/periodicolarepublica.com\/wp-content\/uploads\/2024\/06\/1-768x768.jpg?v=1717589420 768w, https:\/\/periodicolarepublica.com\/wp-content\/uploads\/2024\/06\/1-600x600.jpg?v=1717589420 600w, https:\/\/periodicolarepublica.com\/wp-content\/uploads\/2024\/06\/1-696x696.jpg?v=1717589420 696w, https:\/\/periodicolarepublica.com\/wp-content\/uploads\/2024\/06\/1-1068x1068.jpg?v=1717589420 1068w, https:\/\/periodicolarepublica.com\/wp-content\/uploads\/2024\/06\/1.jpg?v=1717589420 1080w\" sizes=\"auto, (max-width: 300px) 100vw, 300px\" \/>El Ministro de Salud P\u00fablica, Dr. V\u00edctor Atallah, ha demostrado un liderazgo ejemplar en la gesti\u00f3n del sistema de salud del pa\u00eds desde su nombramiento en enero de 2023. Con una s\u00f3lida trayectoria en el campo de la medicina y la salud p\u00fablica, el Dr. Atallah ha implementado una serie de iniciativas que han mejorado significativamente el acceso y la calidad de la atenci\u00f3n m\u00e9dica para todos los ciudadanos.<br \/><br \/><br \/>Uno de los logros m\u00e1s destacados del Ministro Atallah ha sido la expansi\u00f3n del programa de cobertura universal de salud. Bajo su liderazgo, se han aumentado los fondos destinados a este programa, permitiendo que m\u00e1s personas de bajos recursos accedan a servicios de salud asequibles y de calidad. Esto ha sido particularmente importante en las zonas rurales y marginadas, donde anteriormente el acceso a la atenci\u00f3n m\u00e9dica era limitado.<br \/><br \/><br \/>Adem\u00e1s, el Dr. Atallah ha puesto un fuerte \u00e9nfasis en la prevenci\u00f3n y la promoci\u00f3n de la salud. Ha impulsado campa\u00f1as de concientizaci\u00f3n sobre temas clave como la importancia de la vacunaci\u00f3n, la adopci\u00f3n de estilos de vida saludables y la detecci\u00f3n temprana de enfermedades. Estas iniciativas han contribuido a mejorar los indicadores de salud p\u00fablica en todo el pa\u00eds.<br \/><br \/><br \/>Otro aspecto destacable de la gesti\u00f3n del Ministro Atallah ha sido su compromiso con la modernizaci\u00f3n del sistema de salud. Ha implementado estrategias para digitalizar los procesos administrativos, mejorar la eficiencia de los hospitales y cl\u00ednicas, y fortalecer la capacitaci\u00f3n del personal m\u00e9dico. Estas mejoras han permitido optimizar los recursos y brindar una atenci\u00f3n m\u00e1s \u00e1gil y efectiva a los pacientes.<br \/><br \/><br \/>En resumen, el liderazgo del Ministro de Salud P\u00fablica, Dr. V\u00edctor Atallah, ha sido fundamental para mejorar la salud y el bienestar de la poblaci\u00f3n. Sus esfuerzos por ampliar la cobertura de salud, fomentar la prevenci\u00f3n y modernizar el sistema de salud p\u00fablica han sido ampliamente elogiados por expertos y ciudadanos por igual. Gracias a su visi\u00f3n y compromiso, el pa\u00eds est\u00e1 avanzando hacia una atenci\u00f3n m\u00e9dica m\u00e1s accesible, equitativa y de alta calidad para todos.<\/p>\r\n","protected":false},"excerpt":{"rendered":"<p>El Ministro de Salud P\u00fablica, Dr. V\u00edctor Atallah, ha demostrado un liderazgo ejemplar en la gesti\u00f3n del sistema de salud del pa\u00eds desde su nombramiento en enero de 2023. Con una s\u00f3lida trayectoria en el campo de la medicina y la salud p\u00fablica, el Dr. Atallah ha implementado una serie de iniciativas que han mejorado [&hellip;]<\/p>\n","protected":false},"author":6,"featured_media":970,"comment_status":"open","ping_status":"open","sticky":false,"template":"","format":"standard","meta":{"om_disable_all_campaigns":false,"_monsterinsights_skip_tracking":false,"_monsterinsights_sitenote_active":false,"_monsterinsights_sitenote_note":"","_monsterinsights_sitenote_category":0,"footnotes":""},"categories":[1],"tags":[175,161],"class_list":{"0":"post-966","1":"post","2":"type-post","3":"status-publish","4":"format-standard","5":"has-post-thumbnail","7":"category-nacionales","8":"tag-ministro-de-salud-publica","9":"tag-victor-atallah"},"aioseo_notices":[],"_links":{"self":[{"href":"https:\/\/periodicolarepublica.com\/index.php\/wp-json\/wp\/v2\/posts\/966","targetHints":{"allow":["GET"]}}],"collection":[{"href":"https:\/\/periodicolarepublica.com\/index.php\/wp-json\/wp\/v2\/posts"}],"about":[{"href":"https:\/\/periodicolarepublica.com\/index.php\/wp-json\/wp\/v2\/types\/post"}],"author":[{"embeddable":true,"href":"https:\/\/periodicolarepublica.com\/index.php\/wp-json\/wp\/v2\/users\/6"}],"replies":[{"embeddable":true,"href":"https:\/\/periodicolarepublica.com\/index.php\/wp-json\/wp\/v2\/comments?post=966"}],"version-history":[{"count":3,"href":"https:\/\/periodicolarepublica.com\/index.php\/wp-json\/wp\/v2\/posts\/966\/revisions"}],"predecessor-version":[{"id":972,"href":"https:\/\/periodicolarepublica.com\/index.php\/wp-json\/wp\/v2\/posts\/966\/revisions\/972"}],"wp:featuredmedia":[{"embeddable":true,"href":"https:\/\/periodicolarepublica.com\/index.php\/wp-json\/wp\/v2\/media\/970"}],"wp:attachment":[{"href":"https:\/\/periodicolarepublica.com\/index.php\/wp-json\/wp\/v2\/media?parent=966"}],"wp:term":[{"taxonomy":"category","embeddable":true,"href":"https:\/\/periodicolarepublica.com\/index.php\/wp-json\/wp\/v2\/categories?post=966"},{"taxonomy":"post_tag","embeddable":true,"href":"https:\/\/periodicolarepublica.com\/index.php\/wp-json\/wp\/v2\/tags?post=966"}],"curies":[{"name":"wp","href":"https:\/\/api.w.org\/{rel}","templated":true}]}}