{"id":969,"date":"2024-06-06T16:08:00","date_gmt":"2024-06-06T14:08:00","guid":{"rendered":"https:\/\/periodicolarepublica.com\/?p=969"},"modified":"2024-06-06T16:08:00","modified_gmt":"2024-06-06T14:08:00","slug":"tomas-hernandez-alberto-un-democrata-a-carta-cabal","status":"publish","type":"post","link":"https:\/\/periodicolarepublica.com\/index.php\/2024\/06\/06\/tomas-hernandez-alberto-un-democrata-a-carta-cabal\/","title":{"rendered":"Tom\u00e1s Hern\u00e1ndez Alberto: Un Dem\u00f3crata a Carta Cabal"},"content":{"rendered":"\r\n<p><img loading=\"lazy\" decoding=\"async\" class=\"size-medium wp-image-897 alignright\" src=\"https:\/\/periodicolarepublica.com\/wp-content\/uploads\/2024\/05\/IMG-20240413-WA0317-300x200.jpg\" alt=\"\" width=\"300\" height=\"200\" srcset=\"https:\/\/periodicolarepublica.com\/wp-content\/uploads\/2024\/05\/IMG-20240413-WA0317-300x200.jpg?v=1716655283 300w, https:\/\/periodicolarepublica.com\/wp-content\/uploads\/2024\/05\/IMG-20240413-WA0317-1024x682.jpg?v=1716655283 1024w, https:\/\/periodicolarepublica.com\/wp-content\/uploads\/2024\/05\/IMG-20240413-WA0317-768x511.jpg?v=1716655283 768w, https:\/\/periodicolarepublica.com\/wp-content\/uploads\/2024\/05\/IMG-20240413-WA0317-150x100.jpg?v=1716655283 150w, https:\/\/periodicolarepublica.com\/wp-content\/uploads\/2024\/05\/IMG-20240413-WA0317-600x399.jpg?v=1716655283 600w, https:\/\/periodicolarepublica.com\/wp-content\/uploads\/2024\/05\/IMG-20240413-WA0317-696x463.jpg?v=1716655283 696w, https:\/\/periodicolarepublica.com\/wp-content\/uploads\/2024\/05\/IMG-20240413-WA0317-1068x711.jpg?v=1716655283 1068w, https:\/\/periodicolarepublica.com\/wp-content\/uploads\/2024\/05\/IMG-20240413-WA0317.jpg?v=1716655283 1080w\" sizes=\"auto, (max-width: 300px) 100vw, 300px\" \/>Por: Pedro A. Hern\u00e1ndez R. <br \/><br \/>En el vasto panorama pol\u00edtico, figuras que encarnan los principios democr\u00e1ticos con integridad y dedicaci\u00f3n son verdaderas joyas. Tom\u00e1s Hern\u00e1ndez Alberto se alza como uno de esos ejemplos vivientes de un dem\u00f3crata comprometido, cuyas acciones y convicciones reflejan un compromiso inquebrantable con los valores fundamentales de la democracia.<br \/>Desde sus primeros pasos en la arena pol\u00edtica, Hern\u00e1ndez Alberto ha demostrado un profundo respeto por los principios democr\u00e1ticos y una firme convicci\u00f3n en el poder del gobierno del cambio, desde Movimiento Pol\u00edtico Poder PA\u2019L Pueblo. Su trayectoria est\u00e1 marcada por un compromiso constante con la justicia, la igualdad y la participaci\u00f3n ciudadana.<br \/>Uno de los pilares fundamentales de la plataforma pol\u00edtica de Hern\u00e1ndez Alberto es la transparencia. Ha abogado incansablemente por una mayor apertura y rendici\u00f3n de cuentas en todos los niveles de gobierno, creyendo firmemente que la transparencia es esencial para fortalecer la confianza p\u00fablica en las instituciones democr\u00e1ticas.<br \/>Adem\u00e1s, el profesional de la agropecuaria ha sido un defensor apasionado de la inclusi\u00f3n y la diversidad en la pol\u00edtica. Reconoce la importancia de representar a todas las voces y comunidades dentro de la sociedad, y ha trabajado arduamente para garantizar que todas las personas tengan voz y voto en el proceso democr\u00e1tico.<br \/>Su compromiso con la justicia social y los derechos humanos tambi\u00e9n ha sido una caracter\u00edstica distintiva de su carrera pol\u00edtica. El dirigente pol\u00edtico ha luchado incansablemente contra la discriminaci\u00f3n, la injusticia y la desigualdad en todas sus formas, abogando por pol\u00edticas que promuevan la equidad y la dignidad para todos los ciudadanos.<br \/>Hern\u00e1ndez Alberto ha ocupado diversos cargos de importancia en la escena pol\u00edtica dominicana, destac\u00e1ndose como tres veces vocero del extinto l\u00edder de masas Jos\u00e9 Francisco Pe\u00f1a G\u00f3mez, dos veces diputado, fundador del premio Nacional de la Juventud, vocero oficial del expresidente Hip\u00f3lito Mej\u00eda, tres veces regidor del Ayuntamiento del Distrito Nacional, exadministrador del Banco Agr\u00edcola, exdirector del Instituto Agrario Dominicano y presidente del Movimiento Poder PA&#8217;L Pueblo. <br \/>Su extensa experiencia y dedicaci\u00f3n a la causa democr\u00e1tica lo consolidan como una figura ejemplar en la historia pol\u00edtica de la Rep\u00fablica Dominicana.<br \/>En un mundo pol\u00edtico que a menudo est\u00e1 marcado por la divisi\u00f3n y el partidismo, la figura de Tom\u00e1s Hern\u00e1ndez Alberto brilla como un faro de esperanza y coherencia. Su compromiso inquebrantable con los principios democr\u00e1ticos, su defensa de la transparencia y la inclusi\u00f3n, y su lucha incansable por la justicia y los derechos humanos lo convierten en un verdadero dem\u00f3crata a carta cabal.<\/p>\r\n","protected":false},"excerpt":{"rendered":"<p>Por: Pedro A. Hern\u00e1ndez R. En el vasto panorama pol\u00edtico, figuras que encarnan los principios democr\u00e1ticos con integridad y dedicaci\u00f3n son verdaderas joyas. Tom\u00e1s Hern\u00e1ndez Alberto se alza como uno de esos ejemplos vivientes de un dem\u00f3crata comprometido, cuyas acciones y convicciones reflejan un compromiso inquebrantable con los valores fundamentales de la democracia.Desde sus primeros [&hellip;]<\/p>\n","protected":false},"author":6,"featured_media":897,"comment_status":"open","ping_status":"open","sticky":false,"template":"","format":"standard","meta":{"om_disable_all_campaigns":false,"_monsterinsights_skip_tracking":false,"_monsterinsights_sitenote_active":false,"_monsterinsights_sitenote_note":"","_monsterinsights_sitenote_category":0,"footnotes":""},"categories":[1],"tags":[164,163],"class_list":{"0":"post-969","1":"post","2":"type-post","3":"status-publish","4":"format-standard","5":"has-post-thumbnail","7":"category-nacionales","8":"tag-movimiento-poder-pal-pueblo","9":"tag-tomas-hernandez-alberto"},"aioseo_notices":[],"_links":{"self":[{"href":"https:\/\/periodicolarepublica.com\/index.php\/wp-json\/wp\/v2\/posts\/969","targetHints":{"allow":["GET"]}}],"collection":[{"href":"https:\/\/periodicolarepublica.com\/index.php\/wp-json\/wp\/v2\/posts"}],"about":[{"href":"https:\/\/periodicolarepublica.com\/index.php\/wp-json\/wp\/v2\/types\/post"}],"author":[{"embeddable":true,"href":"https:\/\/periodicolarepublica.com\/index.php\/wp-json\/wp\/v2\/users\/6"}],"replies":[{"embeddable":true,"href":"https:\/\/periodicolarepublica.com\/index.php\/wp-json\/wp\/v2\/comments?post=969"}],"version-history":[{"count":2,"href":"https:\/\/periodicolarepublica.com\/index.php\/wp-json\/wp\/v2\/posts\/969\/revisions"}],"predecessor-version":[{"id":975,"href":"https:\/\/periodicolarepublica.com\/index.php\/wp-json\/wp\/v2\/posts\/969\/revisions\/975"}],"wp:featuredmedia":[{"embeddable":true,"href":"https:\/\/periodicolarepublica.com\/index.php\/wp-json\/wp\/v2\/media\/897"}],"wp:attachment":[{"href":"https:\/\/periodicolarepublica.com\/index.php\/wp-json\/wp\/v2\/media?parent=969"}],"wp:term":[{"taxonomy":"category","embeddable":true,"href":"https:\/\/periodicolarepublica.com\/index.php\/wp-json\/wp\/v2\/categories?post=969"},{"taxonomy":"post_tag","embeddable":true,"href":"https:\/\/periodicolarepublica.com\/index.php\/wp-json\/wp\/v2\/tags?post=969"}],"curies":[{"name":"wp","href":"https:\/\/api.w.org\/{rel}","templated":true}]}}