{"id":974,"date":"2024-06-10T23:42:23","date_gmt":"2024-06-10T21:42:23","guid":{"rendered":"https:\/\/periodicolarepublica.com\/?p=974"},"modified":"2024-06-10T23:42:23","modified_gmt":"2024-06-10T21:42:23","slug":"el-ministerio-de-salud-publica-informa-de-840-casos-confirmados-de-dengue-a-nivel-nacional","status":"publish","type":"post","link":"https:\/\/periodicolarepublica.com\/index.php\/2024\/06\/10\/el-ministerio-de-salud-publica-informa-de-840-casos-confirmados-de-dengue-a-nivel-nacional\/","title":{"rendered":"El Ministerio de Salud P\u00fablica informa de 840 casos confirmados de dengue a nivel nacional"},"content":{"rendered":"\r\n<p><img loading=\"lazy\" decoding=\"async\" class=\"size-medium wp-image-970 alignright\" src=\"https:\/\/periodicolarepublica.com\/wp-content\/uploads\/2024\/06\/1-300x300.jpg\" alt=\"\" width=\"300\" height=\"300\" srcset=\"https:\/\/periodicolarepublica.com\/wp-content\/uploads\/2024\/06\/1-300x300.jpg?v=1717589420 300w, https:\/\/periodicolarepublica.com\/wp-content\/uploads\/2024\/06\/1-1024x1024.jpg?v=1717589420 1024w, https:\/\/periodicolarepublica.com\/wp-content\/uploads\/2024\/06\/1-150x150.jpg?v=1717589420 150w, https:\/\/periodicolarepublica.com\/wp-content\/uploads\/2024\/06\/1-768x768.jpg?v=1717589420 768w, https:\/\/periodicolarepublica.com\/wp-content\/uploads\/2024\/06\/1-600x600.jpg?v=1717589420 600w, https:\/\/periodicolarepublica.com\/wp-content\/uploads\/2024\/06\/1-696x696.jpg?v=1717589420 696w, https:\/\/periodicolarepublica.com\/wp-content\/uploads\/2024\/06\/1-1068x1068.jpg?v=1717589420 1068w, https:\/\/periodicolarepublica.com\/wp-content\/uploads\/2024\/06\/1.jpg?v=1717589420 1080w\" sizes=\"auto, (max-width: 300px) 100vw, 300px\" \/>El Ministro de Salud P\u00fablica, Dr. V\u00edctor Atallah, confirm\u00f3 que en el pa\u00eds a nivel nacional solo hay 840 casos confirmados de dengue. Indic\u00f3 que gracias a una jornada de trabajo intensiva, se han obtenido los mejores resultados hasta el momento.<br \/><br \/><br \/>El Ministerio de Salud P\u00fablica ha implementado pruebas r\u00e1pidas para la detecci\u00f3n oportuna de casos de dengue. <br \/><br \/>La estrategia \u00abGan\u00e9mosle al dengue\u00bb ha sido clave para el control de la enfermedad. <br \/><br \/>Las autoridades sanitarias hacen un llamado a la poblaci\u00f3n a mantener medidas de prevenci\u00f3n y a acudir a los centros de salud ante cualquier s\u00edntoma.<\/p>\r\n","protected":false},"excerpt":{"rendered":"<p>El Ministro de Salud P\u00fablica, Dr. V\u00edctor Atallah, confirm\u00f3 que en el pa\u00eds a nivel nacional solo hay 840 casos confirmados de dengue. Indic\u00f3 que gracias a una jornada de trabajo intensiva, se han obtenido los mejores resultados hasta el momento. El Ministerio de Salud P\u00fablica ha implementado pruebas r\u00e1pidas para la detecci\u00f3n oportuna de [&hellip;]<\/p>\n","protected":false},"author":6,"featured_media":970,"comment_status":"open","ping_status":"open","sticky":false,"template":"","format":"standard","meta":{"om_disable_all_campaigns":false,"_monsterinsights_skip_tracking":false,"_monsterinsights_sitenote_active":false,"_monsterinsights_sitenote_note":"","_monsterinsights_sitenote_category":0,"footnotes":""},"categories":[1],"tags":[159],"class_list":{"0":"post-974","1":"post","2":"type-post","3":"status-publish","4":"format-standard","5":"has-post-thumbnail","7":"category-nacionales","8":"tag-ministro-de-salud-publica-victor-atallah"},"aioseo_notices":[],"_links":{"self":[{"href":"https:\/\/periodicolarepublica.com\/index.php\/wp-json\/wp\/v2\/posts\/974","targetHints":{"allow":["GET"]}}],"collection":[{"href":"https:\/\/periodicolarepublica.com\/index.php\/wp-json\/wp\/v2\/posts"}],"about":[{"href":"https:\/\/periodicolarepublica.com\/index.php\/wp-json\/wp\/v2\/types\/post"}],"author":[{"embeddable":true,"href":"https:\/\/periodicolarepublica.com\/index.php\/wp-json\/wp\/v2\/users\/6"}],"replies":[{"embeddable":true,"href":"https:\/\/periodicolarepublica.com\/index.php\/wp-json\/wp\/v2\/comments?post=974"}],"version-history":[{"count":2,"href":"https:\/\/periodicolarepublica.com\/index.php\/wp-json\/wp\/v2\/posts\/974\/revisions"}],"predecessor-version":[{"id":1000,"href":"https:\/\/periodicolarepublica.com\/index.php\/wp-json\/wp\/v2\/posts\/974\/revisions\/1000"}],"wp:featuredmedia":[{"embeddable":true,"href":"https:\/\/periodicolarepublica.com\/index.php\/wp-json\/wp\/v2\/media\/970"}],"wp:attachment":[{"href":"https:\/\/periodicolarepublica.com\/index.php\/wp-json\/wp\/v2\/media?parent=974"}],"wp:term":[{"taxonomy":"category","embeddable":true,"href":"https:\/\/periodicolarepublica.com\/index.php\/wp-json\/wp\/v2\/categories?post=974"},{"taxonomy":"post_tag","embeddable":true,"href":"https:\/\/periodicolarepublica.com\/index.php\/wp-json\/wp\/v2\/tags?post=974"}],"curies":[{"name":"wp","href":"https:\/\/api.w.org\/{rel}","templated":true}]}}