{"id":978,"date":"2024-06-06T21:49:20","date_gmt":"2024-06-06T19:49:20","guid":{"rendered":"https:\/\/periodicolarepublica.com\/?p=978"},"modified":"2024-06-06T21:49:20","modified_gmt":"2024-06-06T19:49:20","slug":"restaurante-aromas-del-hotel-holiday-inn-santo-domingo-presenta-nueva-carta-gastronomica","status":"publish","type":"post","link":"https:\/\/periodicolarepublica.com\/index.php\/2024\/06\/06\/restaurante-aromas-del-hotel-holiday-inn-santo-domingo-presenta-nueva-carta-gastronomica\/","title":{"rendered":"Restaurante Aromas del hotel Holiday Inn Santo Domingo presenta nueva carta gastron\u00f3mica"},"content":{"rendered":"<p style=\"text-align: left;\">Una amplia variedad de platos que fusionan la cocina local con la internacional, en un men\u00fa inclusivo que se adapta a las principales necesidades diet\u00e9ticas de los comensales.<\/p>\n<p><img loading=\"lazy\" decoding=\"async\" class=\"alignnone size-medium wp-image-979\" src=\"https:\/\/periodicolarepublica.com\/wp-content\/uploads\/2024\/06\/1323.FOTO-IMPORTANTE.-Bolivar-Troncoso-Aylin-Herasme-Mariano-Jimenez-Ana-Romero-Carlos-Peguero-300x249.jpg\" alt=\"\" width=\"300\" height=\"249\" srcset=\"https:\/\/periodicolarepublica.com\/wp-content\/uploads\/2024\/06\/1323.FOTO-IMPORTANTE.-Bolivar-Troncoso-Aylin-Herasme-Mariano-Jimenez-Ana-Romero-Carlos-Peguero-300x249.jpg?v=1717703327 300w, https:\/\/periodicolarepublica.com\/wp-content\/uploads\/2024\/06\/1323.FOTO-IMPORTANTE.-Bolivar-Troncoso-Aylin-Herasme-Mariano-Jimenez-Ana-Romero-Carlos-Peguero-1024x850.jpg?v=1717703327 1024w, https:\/\/periodicolarepublica.com\/wp-content\/uploads\/2024\/06\/1323.FOTO-IMPORTANTE.-Bolivar-Troncoso-Aylin-Herasme-Mariano-Jimenez-Ana-Romero-Carlos-Peguero-768x638.jpg?v=1717703327 768w, https:\/\/periodicolarepublica.com\/wp-content\/uploads\/2024\/06\/1323.FOTO-IMPORTANTE.-Bolivar-Troncoso-Aylin-Herasme-Mariano-Jimenez-Ana-Romero-Carlos-Peguero-1536x1276.jpg?v=1717703327 1536w, https:\/\/periodicolarepublica.com\/wp-content\/uploads\/2024\/06\/1323.FOTO-IMPORTANTE.-Bolivar-Troncoso-Aylin-Herasme-Mariano-Jimenez-Ana-Romero-Carlos-Peguero-150x125.jpg?v=1717703327 150w, https:\/\/periodicolarepublica.com\/wp-content\/uploads\/2024\/06\/1323.FOTO-IMPORTANTE.-Bolivar-Troncoso-Aylin-Herasme-Mariano-Jimenez-Ana-Romero-Carlos-Peguero-600x498.jpg?v=1717703327 600w, https:\/\/periodicolarepublica.com\/wp-content\/uploads\/2024\/06\/1323.FOTO-IMPORTANTE.-Bolivar-Troncoso-Aylin-Herasme-Mariano-Jimenez-Ana-Romero-Carlos-Peguero-696x578.jpg?v=1717703327 696w, https:\/\/periodicolarepublica.com\/wp-content\/uploads\/2024\/06\/1323.FOTO-IMPORTANTE.-Bolivar-Troncoso-Aylin-Herasme-Mariano-Jimenez-Ana-Romero-Carlos-Peguero-1392x1156.jpg?v=1717703327 1392w, https:\/\/periodicolarepublica.com\/wp-content\/uploads\/2024\/06\/1323.FOTO-IMPORTANTE.-Bolivar-Troncoso-Aylin-Herasme-Mariano-Jimenez-Ana-Romero-Carlos-Peguero-1068x887.jpg?v=1717703327 1068w, https:\/\/periodicolarepublica.com\/wp-content\/uploads\/2024\/06\/1323.FOTO-IMPORTANTE.-Bolivar-Troncoso-Aylin-Herasme-Mariano-Jimenez-Ana-Romero-Carlos-Peguero-1920x1595.jpg?v=1717703327 1920w, https:\/\/periodicolarepublica.com\/wp-content\/uploads\/2024\/06\/1323.FOTO-IMPORTANTE.-Bolivar-Troncoso-Aylin-Herasme-Mariano-Jimenez-Ana-Romero-Carlos-Peguero.jpg?v=1717703327 2000w\" sizes=\"auto, (max-width: 300px) 100vw, 300px\" \/><\/p>\n<p style=\"text-align: left;\">El Restaurante Aromas, ubicado en el hotel Holiday Inn Santo Domingo, present\u00f3 su innovadora y atractiva carta gastron\u00f3mica que fusiona la comida internacional con los sabores frescos y aut\u00e9nticos de la cocina dominicana.<\/p>\n<p style=\"text-align: left;\">Masiel Santana, directora de ventas y mercadeo del hotel, dio la bienvenida a los presentes, destacando el compromiso del Holiday Inn Santo Domingo con la excelencia en la industria tur\u00edstica dominicana, as\u00ed como las facilidades que ofrece el establecimiento para sus clientes.<\/p>\n<p style=\"text-align: left;\">\u201cEs grato tenerles con nosotros en el Holiday Inn Santo Domingo, nuestro renovado hotel, ubicado estrat\u00e9gicamente en el centro del sector financiero y pr\u00f3ximo a los mejores centros comerciales de la Capital Primada de Am\u00e9rica. Una oferta moderna, elegante, y a la vez funcional; con 201 habitaciones, y seis salones para eventos equipados con tecnolog\u00eda de vanguardia. Esta propuesta que combina los negocios y el buen vivir se complementa con rincones tan especiales como el Bar Level 2, el Caf\u00e9 Macchiato\u00b4s, el 856 rooft, con sus \u00e1reas de bar y piscina, y por supuesto, con Aromas, nuestro restaurante gourmet, en donde hoy les presentaremos una exquisita muestra culinaria donde la fusi\u00f3n de sabores promete conquistar sus paladares\u201d expres\u00f3 Santana.<\/p>\n<p style=\"text-align: left;\">Posteriormente, la gerente de alimentos y bebidas del hotel, Ana Romero, coment\u00f3 detalles sobre la experiencia culinaria preparada para la ocasi\u00f3n y la conceptualizaci\u00f3n general de la nueva carta gastron\u00f3mica. \u201cEste nuevo men\u00fa fusiona la cocina aut\u00f3ctona dominicana con la internacional en donde sabores del Mediterr\u00e1neo, Asia y el Caribe, han sido mezclados y replanteados de una forma innovadora por nuestro chef ejecutivo y su equipo, logrando una exquisita selecci\u00f3n de platillos que resaltan su sabor gracias a la calidad de los productos locales que usamos en su preparaci\u00f3n, as\u00ed como por la selecta mixolog\u00eda que ofrecemos a trav\u00e9s de nuestra amplia variedad de vinos y cocteler\u00eda\u201d, destac\u00f3.<\/p>\n<p style=\"text-align: left;\">Finalmente, la nueva propuesta culinaria fue presentada por el chef ejecutivo del hotel, quien afirm\u00f3 que el nuevo men\u00fa ha sido cuidadosamente dise\u00f1ado con el inter\u00e9s de satisfacer las necesidades diet\u00e9ticas de los diferentes tipos de comensales que escogen al Restaurante Aromas. \u201cAl estructurar esta nueva versi\u00f3n de oferta gastron\u00f3mica nos inspiramos de una manera muy especial, fusionando olores, colores y sabores, pero a su vez quisimos acercarnos a ese p\u00fablico con requerimientos especiales al momento de comer, ofreciendo alternativas vegetarianas, veganas, sin gluten, sin lactosa y bajas en carbohidratos. De igual manera, hemos considerado las preferencias alimenticias de los m\u00e1s peque\u00f1os de la casa, a quienes tambi\u00e9n esperamos conquistar con cada bocado\u201d, afirm\u00f3 Jim\u00e9nez.<\/p>\n","protected":false},"excerpt":{"rendered":"<p>Una amplia variedad de platos que fusionan la cocina local con la internacional, en un men\u00fa inclusivo que se adapta a las principales necesidades diet\u00e9ticas de los comensales. El Restaurante Aromas, ubicado en el hotel Holiday Inn Santo Domingo, present\u00f3 su innovadora y atractiva carta gastron\u00f3mica que fusiona la comida internacional con los sabores frescos [&hellip;]<\/p>\n","protected":false},"author":1,"featured_media":979,"comment_status":"open","ping_status":"open","sticky":false,"template":"","format":"standard","meta":{"om_disable_all_campaigns":false,"_monsterinsights_skip_tracking":false,"_monsterinsights_sitenote_active":false,"_monsterinsights_sitenote_note":"","_monsterinsights_sitenote_category":0,"footnotes":""},"categories":[20],"tags":[],"class_list":{"0":"post-978","1":"post","2":"type-post","3":"status-publish","4":"format-standard","5":"has-post-thumbnail","7":"category-turismo"},"aioseo_notices":[],"_links":{"self":[{"href":"https:\/\/periodicolarepublica.com\/index.php\/wp-json\/wp\/v2\/posts\/978","targetHints":{"allow":["GET"]}}],"collection":[{"href":"https:\/\/periodicolarepublica.com\/index.php\/wp-json\/wp\/v2\/posts"}],"about":[{"href":"https:\/\/periodicolarepublica.com\/index.php\/wp-json\/wp\/v2\/types\/post"}],"author":[{"embeddable":true,"href":"https:\/\/periodicolarepublica.com\/index.php\/wp-json\/wp\/v2\/users\/1"}],"replies":[{"embeddable":true,"href":"https:\/\/periodicolarepublica.com\/index.php\/wp-json\/wp\/v2\/comments?post=978"}],"version-history":[{"count":2,"href":"https:\/\/periodicolarepublica.com\/index.php\/wp-json\/wp\/v2\/posts\/978\/revisions"}],"predecessor-version":[{"id":981,"href":"https:\/\/periodicolarepublica.com\/index.php\/wp-json\/wp\/v2\/posts\/978\/revisions\/981"}],"wp:featuredmedia":[{"embeddable":true,"href":"https:\/\/periodicolarepublica.com\/index.php\/wp-json\/wp\/v2\/media\/979"}],"wp:attachment":[{"href":"https:\/\/periodicolarepublica.com\/index.php\/wp-json\/wp\/v2\/media?parent=978"}],"wp:term":[{"taxonomy":"category","embeddable":true,"href":"https:\/\/periodicolarepublica.com\/index.php\/wp-json\/wp\/v2\/categories?post=978"},{"taxonomy":"post_tag","embeddable":true,"href":"https:\/\/periodicolarepublica.com\/index.php\/wp-json\/wp\/v2\/tags?post=978"}],"curies":[{"name":"wp","href":"https:\/\/api.w.org\/{rel}","templated":true}]}}