{"id":982,"date":"2024-06-08T00:38:04","date_gmt":"2024-06-07T22:38:04","guid":{"rendered":"https:\/\/periodicolarepublica.com\/?p=982"},"modified":"2024-06-08T00:38:04","modified_gmt":"2024-06-07T22:38:04","slug":"gobierno-impulsa-infraestructuras-deportivas-y-policiales-en-santo-domingo","status":"publish","type":"post","link":"https:\/\/periodicolarepublica.com\/index.php\/2024\/06\/08\/gobierno-impulsa-infraestructuras-deportivas-y-policiales-en-santo-domingo\/","title":{"rendered":"Gobierno impulsa infraestructuras deportivas y policiales en Santo Domingo"},"content":{"rendered":"<p>Con la finalidad de seguir habilitando espacios que permitan promover un estilo de vida m\u00e1s saludable, as\u00ed como continuar mejorando las condiciones laborales de los miembros de las fuerzas del orden y proporcionando los recursos para tener una Polic\u00eda Nacional cada vez m\u00e1s eficiente, la vicepresidenta de la Rep\u00fablica, Raquel Pe\u00f1a, dej\u00f3 iniciados los trabajos de construcci\u00f3n del Club Deportivo y Cultural Jardines del Norte y entreg\u00f3 el destacamento de Punta Torrecilla.<\/p>\n<p><img loading=\"lazy\" decoding=\"async\" class=\"alignnone size-medium wp-image-983\" src=\"https:\/\/periodicolarepublica.com\/wp-content\/uploads\/2024\/06\/1323.FOTO-IMPORTANTE.-Bolivar-Troncoso-Aylin-Herasme-Mariano-Jimenez-Ana-Romero-Carlos-Peguero-1-300x249.jpg\" alt=\"\" width=\"300\" height=\"249\" srcset=\"https:\/\/periodicolarepublica.com\/wp-content\/uploads\/2024\/06\/1323.FOTO-IMPORTANTE.-Bolivar-Troncoso-Aylin-Herasme-Mariano-Jimenez-Ana-Romero-Carlos-Peguero-1-300x249.jpg?v=1717799805 300w, https:\/\/periodicolarepublica.com\/wp-content\/uploads\/2024\/06\/1323.FOTO-IMPORTANTE.-Bolivar-Troncoso-Aylin-Herasme-Mariano-Jimenez-Ana-Romero-Carlos-Peguero-1-1024x850.jpg?v=1717799805 1024w, https:\/\/periodicolarepublica.com\/wp-content\/uploads\/2024\/06\/1323.FOTO-IMPORTANTE.-Bolivar-Troncoso-Aylin-Herasme-Mariano-Jimenez-Ana-Romero-Carlos-Peguero-1-768x638.jpg?v=1717799805 768w, https:\/\/periodicolarepublica.com\/wp-content\/uploads\/2024\/06\/1323.FOTO-IMPORTANTE.-Bolivar-Troncoso-Aylin-Herasme-Mariano-Jimenez-Ana-Romero-Carlos-Peguero-1-1536x1276.jpg?v=1717799805 1536w, https:\/\/periodicolarepublica.com\/wp-content\/uploads\/2024\/06\/1323.FOTO-IMPORTANTE.-Bolivar-Troncoso-Aylin-Herasme-Mariano-Jimenez-Ana-Romero-Carlos-Peguero-1-150x125.jpg?v=1717799805 150w, https:\/\/periodicolarepublica.com\/wp-content\/uploads\/2024\/06\/1323.FOTO-IMPORTANTE.-Bolivar-Troncoso-Aylin-Herasme-Mariano-Jimenez-Ana-Romero-Carlos-Peguero-1-600x498.jpg?v=1717799805 600w, https:\/\/periodicolarepublica.com\/wp-content\/uploads\/2024\/06\/1323.FOTO-IMPORTANTE.-Bolivar-Troncoso-Aylin-Herasme-Mariano-Jimenez-Ana-Romero-Carlos-Peguero-1-696x578.jpg?v=1717799805 696w, https:\/\/periodicolarepublica.com\/wp-content\/uploads\/2024\/06\/1323.FOTO-IMPORTANTE.-Bolivar-Troncoso-Aylin-Herasme-Mariano-Jimenez-Ana-Romero-Carlos-Peguero-1-1392x1156.jpg?v=1717799805 1392w, https:\/\/periodicolarepublica.com\/wp-content\/uploads\/2024\/06\/1323.FOTO-IMPORTANTE.-Bolivar-Troncoso-Aylin-Herasme-Mariano-Jimenez-Ana-Romero-Carlos-Peguero-1-1068x887.jpg?v=1717799805 1068w, https:\/\/periodicolarepublica.com\/wp-content\/uploads\/2024\/06\/1323.FOTO-IMPORTANTE.-Bolivar-Troncoso-Aylin-Herasme-Mariano-Jimenez-Ana-Romero-Carlos-Peguero-1-1920x1595.jpg?v=1717799805 1920w, https:\/\/periodicolarepublica.com\/wp-content\/uploads\/2024\/06\/1323.FOTO-IMPORTANTE.-Bolivar-Troncoso-Aylin-Herasme-Mariano-Jimenez-Ana-Romero-Carlos-Peguero-1.jpg?v=1717799805 2000w\" sizes=\"auto, (max-width: 300px) 100vw, 300px\" \/><\/p>\n<p>En el caso de la obra recreativa, dotar\u00e1 a cientos de j\u00f3venes de un espacio seguro, de 2,936 metros cuadrados, para realizar actividades deportivas, culturales y sociales.<\/p>\n<p>El club, que se levantar\u00e1 a trav\u00e9s del Ministerio de de la Vivienda y Edificaciones, contar\u00e1 con una inversi\u00f3n de RD$82.3 millones de pesos y contempla la construcci\u00f3n de canchas de baloncesto, canchas de voleibol, parqueos, oficinas, ba\u00f1os\/vestidores y paisajismo.<\/p>\n<p>Durante el inicio de los trabajos, la vicepresidenta Raquel Pe\u00f1a expres\u00f3 que este primer picazo es un acto de justicia ante la larga espera de los comunitarios de los Jardines del Norte y cumple con el objetivo trazado por el presidente Luis Abinader de brindar a los dominicanos espacios dignos donde practicar deporte y disfrutar del sano entretenimiento.<\/p>\n<p>\u00abLa inversi\u00f3n que hacemos en estas instalaciones es m\u00e1s que una inversi\u00f3n en infraestructura; estamos invirtiendo en la salud f\u00edsica y mental de los dominicanos\u00bb, a\u00f1adi\u00f3 Pe\u00f1a tras se\u00f1alar que \u00abcada joven que apoya a su comunidad, cada ni\u00f1o que aprende un deporte, cada persona que participa en actividades culturales nos acerca a un pa\u00eds fuerte, un pa\u00eds sano, un pa\u00eds que sigue echando para adelante\u00bb.<\/p>\n<p>De su lado, el ministro Carlos Bonilla sostuvo que el proyecto responde a una demanda de m\u00e1s de 50 a\u00f1os por parte de la comunidad y el Gobierno saldar\u00e1 esa deuda con la construcci\u00f3n de un espacio que impulsar\u00e1 la cultura y el deporte en el lugar.<\/p>\n<p>Posteriormente la vicepresidenta Raquel Pe\u00f1a se traslad\u00f3 al sector Maquiteria, en Santo Domingo Este, donde inaugur\u00f3 el destacamento de Punta Torrecilla.<\/p>\n<p>Se trata de unas instalaciones policiales levantadas por la Comisi\u00f3n Presidencial de Apoyo al Desarrollo Provincial, que dirige \u00c1ngel de la Cruz, para la que se destin\u00f3 una inversi\u00f3n de RD$ 20,823,885.73.<\/p>\n<p>Al respecto, la vicemandataria precis\u00f3 que esta obra forma parte de las iniciativas en el marco de la Reforma de la Polic\u00eda Nacional y el Plan de Seguridad Ciudadana, para continuar impulsando la transformaci\u00f3n que convertir\u00e1 a las comunidades del pa\u00eds en espacios m\u00e1s seguros y pac\u00edficos.<\/p>\n<p>Agreg\u00f3 que adem\u00e1s de adecuar los espacios para que los agentes desarrollen sus funciones en lugares adecuados, estos planes exhiben otros importantes avances como la ampliaci\u00f3n del Instituto Policial de Educaci\u00f3n Superior, los planes de formaci\u00f3n que ofrecen las academias, el despliegue de fuerzas conjuntas entre la Polic\u00eda Nacional y las Fuerzas Armadas, nuevas herramientas tecnol\u00f3gicas, el aumento salarial, junto con la entrega de apartamentos del Plan Nacional de Viviendas Familia Feliz a miembros de la Polic\u00eda Nacional.<\/p>\n<p>En tanto, \u00c1ngel de la Cruz subray\u00f3 la vital importancia de la seguridad y dijo que la construcci\u00f3n de un destacamento policial en esta \u00e1rea no solo fortalecer\u00e1 la protecci\u00f3n y el bienestar de los residentes, sino que tambi\u00e9n contribuir\u00e1 significativamente a la prevenci\u00f3n del delito y al mantenimiento del orden p\u00fablico.<\/p>\n<p>El destacamento tiene dos niveles con un \u00e1rea de construcci\u00f3n de 252.70 m2, cuenta con c\u00e1rcel para hombres, c\u00e1rcel para mujeres, cocina-comedor, deposito de pertrechos, dormitorios de damas, investigaciones criminales, ba\u00f1os, dep\u00f3sito de armas, recepci\u00f3n, sala de espera, oficina de recepci\u00f3n de denuncias, dormitorios, departamento de subcomandante, ayudant\u00eda, sala de reuniones y oficina de comandantes.<\/p>\n","protected":false},"excerpt":{"rendered":"<p>Con la finalidad de seguir habilitando espacios que permitan promover un estilo de vida m\u00e1s saludable, as\u00ed como continuar mejorando las condiciones laborales de los miembros de las fuerzas del orden y proporcionando los recursos para tener una Polic\u00eda Nacional cada vez m\u00e1s eficiente, la vicepresidenta de la Rep\u00fablica, Raquel Pe\u00f1a, dej\u00f3 iniciados los trabajos [&hellip;]<\/p>\n","protected":false},"author":1,"featured_media":983,"comment_status":"open","ping_status":"open","sticky":false,"template":"","format":"standard","meta":{"om_disable_all_campaigns":false,"_monsterinsights_skip_tracking":false,"_monsterinsights_sitenote_active":false,"_monsterinsights_sitenote_note":"","_monsterinsights_sitenote_category":0,"footnotes":""},"categories":[1],"tags":[],"class_list":{"0":"post-982","1":"post","2":"type-post","3":"status-publish","4":"format-standard","5":"has-post-thumbnail","7":"category-nacionales"},"aioseo_notices":[],"_links":{"self":[{"href":"https:\/\/periodicolarepublica.com\/index.php\/wp-json\/wp\/v2\/posts\/982","targetHints":{"allow":["GET"]}}],"collection":[{"href":"https:\/\/periodicolarepublica.com\/index.php\/wp-json\/wp\/v2\/posts"}],"about":[{"href":"https:\/\/periodicolarepublica.com\/index.php\/wp-json\/wp\/v2\/types\/post"}],"author":[{"embeddable":true,"href":"https:\/\/periodicolarepublica.com\/index.php\/wp-json\/wp\/v2\/users\/1"}],"replies":[{"embeddable":true,"href":"https:\/\/periodicolarepublica.com\/index.php\/wp-json\/wp\/v2\/comments?post=982"}],"version-history":[{"count":1,"href":"https:\/\/periodicolarepublica.com\/index.php\/wp-json\/wp\/v2\/posts\/982\/revisions"}],"predecessor-version":[{"id":984,"href":"https:\/\/periodicolarepublica.com\/index.php\/wp-json\/wp\/v2\/posts\/982\/revisions\/984"}],"wp:featuredmedia":[{"embeddable":true,"href":"https:\/\/periodicolarepublica.com\/index.php\/wp-json\/wp\/v2\/media\/983"}],"wp:attachment":[{"href":"https:\/\/periodicolarepublica.com\/index.php\/wp-json\/wp\/v2\/media?parent=982"}],"wp:term":[{"taxonomy":"category","embeddable":true,"href":"https:\/\/periodicolarepublica.com\/index.php\/wp-json\/wp\/v2\/categories?post=982"},{"taxonomy":"post_tag","embeddable":true,"href":"https:\/\/periodicolarepublica.com\/index.php\/wp-json\/wp\/v2\/tags?post=982"}],"curies":[{"name":"wp","href":"https:\/\/api.w.org\/{rel}","templated":true}]}}