{"id":986,"date":"2024-06-08T20:55:39","date_gmt":"2024-06-08T18:55:39","guid":{"rendered":"https:\/\/periodicolarepublica.com\/?p=986"},"modified":"2024-06-08T20:55:39","modified_gmt":"2024-06-08T18:55:39","slug":"alex-mordan-sigue-demostrando-compromiso-con-la-excelencia-academica","status":"publish","type":"post","link":"https:\/\/periodicolarepublica.com\/index.php\/2024\/06\/08\/alex-mordan-sigue-demostrando-compromiso-con-la-excelencia-academica\/","title":{"rendered":"Alex Mordan sigue demostrando compromiso con la excelencia acad\u00e9mica"},"content":{"rendered":"<p style=\"text-align: left;\">Alex Mordan contin\u00faa demostrando su compromiso con la excelencia acad\u00e9mica y la preparaci\u00f3n constante en el \u00e1mbito jur\u00eddico, al obtener otro t\u00edtulo de postgrado en Derechos Financieros por la Universidad Pontificia Cat\u00f3lica Madre y Maestra (PUCMM).<\/p>\n<p><img loading=\"lazy\" decoding=\"async\" class=\"alignnone size-medium wp-image-987\" src=\"https:\/\/periodicolarepublica.com\/wp-content\/uploads\/2024\/06\/Picsart_24-06-08_14-48-08-319-300x180.jpg\" alt=\"\" width=\"300\" height=\"180\" srcset=\"https:\/\/periodicolarepublica.com\/wp-content\/uploads\/2024\/06\/Picsart_24-06-08_14-48-08-319-300x180.jpg?v=1717872612 300w, https:\/\/periodicolarepublica.com\/wp-content\/uploads\/2024\/06\/Picsart_24-06-08_14-48-08-319-150x90.jpg?v=1717872612 150w, https:\/\/periodicolarepublica.com\/wp-content\/uploads\/2024\/06\/Picsart_24-06-08_14-48-08-319-600x360.jpg?v=1717872612 600w, https:\/\/periodicolarepublica.com\/wp-content\/uploads\/2024\/06\/Picsart_24-06-08_14-48-08-319.jpg?v=1717872612 682w\" sizes=\"auto, (max-width: 300px) 100vw, 300px\" \/><\/p>\n<p>Mordan, reconocido abogado, pol\u00edtico y director del programa Oportunidad 14-24 del Gabinete de Pol\u00edtica Social del gobierno de la Rep\u00fablica Dominicana, se ha destacado por su trayectoria profesional y su labor en favor de la juventud dominicana, con otras experiencias laborales en el sector bancario, el ejercicio jur\u00eddico y la ense\u00f1anza como docente por un tiempo del Instituto de Capacitaci\u00f3n Pol\u00edtica Jur\u00eddica y Social ICAP.<\/p>\n<p>Con este reciente logro acad\u00e9mico lo consolida como un experto en el campo de los derechos financieros y le permite ampliar sus conocimientos para seguir contribuyendo al desarrollo y bienestar de su pa\u00eds.<\/p>\n<p>Con una s\u00f3lida formaci\u00f3n acad\u00e9mica y una destacada experiencia en el \u00e1mbito legal y pol\u00edtico, Alex Mordan se ha consolidado como una figura influyente en la sociedad dominicana. Su dedicaci\u00f3n y compromiso con la justicia, la equidad y la inclusi\u00f3n social lo han convertido en un referente para muchos j\u00f3venes que buscan seguir sus pasos y contribuir al progreso de la naci\u00f3n.<\/p>\n<p>El t\u00edtulo de postgrado en Derechos Financieros obtenido por Mordan refleja su inter\u00e9s por seguir creciendo profesionalmente y por adquirir nuevas habilidades y conocimientos que le permitan desempe\u00f1arse con \u00e9xito en su trabajo como abogado, pol\u00edtico y defensor de los derechos de la juventud.<\/p>\n<p>Sin duda, Alex Mordan es un ejemplo de perseverancia y superaci\u00f3n que inspira a otros a seguir adelante en la b\u00fasqueda de la excelencia acad\u00e9mica y profesional. Su dedicaci\u00f3n y esfuerzo en la consecuci\u00f3n de nuevos logros lo hacen merecedor de reconocimiento y admiraci\u00f3n en la sociedad dominicana y m\u00e1s all\u00e1.<\/p>\n","protected":false},"excerpt":{"rendered":"<p>Alex Mordan contin\u00faa demostrando su compromiso con la excelencia acad\u00e9mica y la preparaci\u00f3n constante en el \u00e1mbito jur\u00eddico, al obtener otro t\u00edtulo de postgrado en Derechos Financieros por la Universidad Pontificia Cat\u00f3lica Madre y Maestra (PUCMM). Mordan, reconocido abogado, pol\u00edtico y director del programa Oportunidad 14-24 del Gabinete de Pol\u00edtica Social del gobierno de la [&hellip;]<\/p>\n","protected":false},"author":1,"featured_media":987,"comment_status":"open","ping_status":"open","sticky":false,"template":"","format":"standard","meta":{"om_disable_all_campaigns":false,"_monsterinsights_skip_tracking":false,"_monsterinsights_sitenote_active":false,"_monsterinsights_sitenote_note":"","_monsterinsights_sitenote_category":0,"footnotes":""},"categories":[127],"tags":[215,216],"class_list":{"0":"post-986","1":"post","2":"type-post","3":"status-publish","4":"format-standard","5":"has-post-thumbnail","7":"category-politica","8":"tag-alex-mordan","9":"tag-oportunidad-14-24"},"aioseo_notices":[],"_links":{"self":[{"href":"https:\/\/periodicolarepublica.com\/index.php\/wp-json\/wp\/v2\/posts\/986","targetHints":{"allow":["GET"]}}],"collection":[{"href":"https:\/\/periodicolarepublica.com\/index.php\/wp-json\/wp\/v2\/posts"}],"about":[{"href":"https:\/\/periodicolarepublica.com\/index.php\/wp-json\/wp\/v2\/types\/post"}],"author":[{"embeddable":true,"href":"https:\/\/periodicolarepublica.com\/index.php\/wp-json\/wp\/v2\/users\/1"}],"replies":[{"embeddable":true,"href":"https:\/\/periodicolarepublica.com\/index.php\/wp-json\/wp\/v2\/comments?post=986"}],"version-history":[{"count":1,"href":"https:\/\/periodicolarepublica.com\/index.php\/wp-json\/wp\/v2\/posts\/986\/revisions"}],"predecessor-version":[{"id":988,"href":"https:\/\/periodicolarepublica.com\/index.php\/wp-json\/wp\/v2\/posts\/986\/revisions\/988"}],"wp:featuredmedia":[{"embeddable":true,"href":"https:\/\/periodicolarepublica.com\/index.php\/wp-json\/wp\/v2\/media\/987"}],"wp:attachment":[{"href":"https:\/\/periodicolarepublica.com\/index.php\/wp-json\/wp\/v2\/media?parent=986"}],"wp:term":[{"taxonomy":"category","embeddable":true,"href":"https:\/\/periodicolarepublica.com\/index.php\/wp-json\/wp\/v2\/categories?post=986"},{"taxonomy":"post_tag","embeddable":true,"href":"https:\/\/periodicolarepublica.com\/index.php\/wp-json\/wp\/v2\/tags?post=986"}],"curies":[{"name":"wp","href":"https:\/\/api.w.org\/{rel}","templated":true}]}}