{"id":989,"date":"2024-06-08T21:08:58","date_gmt":"2024-06-08T19:08:58","guid":{"rendered":"https:\/\/periodicolarepublica.com\/?p=989"},"modified":"2024-06-08T21:08:58","modified_gmt":"2024-06-08T19:08:58","slug":"popular-primera-dama-y-micm-remozan-parque-base-aerea-de-san-isidro","status":"publish","type":"post","link":"https:\/\/periodicolarepublica.com\/index.php\/2024\/06\/08\/popular-primera-dama-y-micm-remozan-parque-base-aerea-de-san-isidro\/","title":{"rendered":"Popular, primera dama y MICM remozan parque Base A\u00e9rea de San Isidro"},"content":{"rendered":"<p style=\"text-align: left;\">El Banco Popular Dominicano, la primera dama Raquel Arbaje, el Ministerio de Industria, Comercio y Mipymes (MICM) y la Fuerza A\u00e9rea de la Rep\u00fablica Dominicana inauguraron el remozado parque Sargento T\u00e9cnico Emilio Garc\u00eda, en la Base \u00c1rea de San Isidro, en beneficio de los residentes del recinto militar y de sus comunidades aleda\u00f1as.<\/p>\n<p style=\"text-align: left;\"><img loading=\"lazy\" decoding=\"async\" class=\"alignnone size-medium wp-image-990\" src=\"https:\/\/periodicolarepublica.com\/wp-content\/uploads\/2024\/06\/AND03386-300x200.jpg\" alt=\"\" width=\"300\" height=\"200\" srcset=\"https:\/\/periodicolarepublica.com\/wp-content\/uploads\/2024\/06\/AND03386-300x200.jpg?v=1717873690 300w, https:\/\/periodicolarepublica.com\/wp-content\/uploads\/2024\/06\/AND03386-1024x682.jpg?v=1717873690 1024w, https:\/\/periodicolarepublica.com\/wp-content\/uploads\/2024\/06\/AND03386-768x512.jpg?v=1717873690 768w, https:\/\/periodicolarepublica.com\/wp-content\/uploads\/2024\/06\/AND03386-1536x1024.jpg?v=1717873690 1536w, https:\/\/periodicolarepublica.com\/wp-content\/uploads\/2024\/06\/AND03386-2048x1365.jpg?v=1717873690 2048w, https:\/\/periodicolarepublica.com\/wp-content\/uploads\/2024\/06\/AND03386-150x100.jpg?v=1717873690 150w, https:\/\/periodicolarepublica.com\/wp-content\/uploads\/2024\/06\/AND03386-600x400.jpg?v=1717873690 600w, https:\/\/periodicolarepublica.com\/wp-content\/uploads\/2024\/06\/AND03386-696x464.jpg?v=1717873690 696w, https:\/\/periodicolarepublica.com\/wp-content\/uploads\/2024\/06\/AND03386-1392x928.jpg?v=1717873690 1392w, https:\/\/periodicolarepublica.com\/wp-content\/uploads\/2024\/06\/AND03386-1068x712.jpg?v=1717873690 1068w, https:\/\/periodicolarepublica.com\/wp-content\/uploads\/2024\/06\/AND03386-1920x1280.jpg?v=1717873690 1920w\" sizes=\"auto, (max-width: 300px) 100vw, 300px\" \/><\/p>\n<p style=\"text-align: left;\">El Banco Popular aport\u00f3 RD$22.3 millones para recuperar este espacio p\u00fablico que beneficiar\u00e1 de forma directa a las m\u00e1s de 600 familias que residen en el entorno y a los 5,000 estudiantes y personal del colegio Nuestra Se\u00f1ora del Perpetuo Socorro.<\/p>\n","protected":false},"excerpt":{"rendered":"<p>El Banco Popular Dominicano, la primera dama Raquel Arbaje, el Ministerio de Industria, Comercio y Mipymes (MICM) y la Fuerza A\u00e9rea de la Rep\u00fablica Dominicana inauguraron el remozado parque Sargento T\u00e9cnico Emilio Garc\u00eda, en la Base \u00c1rea de San Isidro, en beneficio de los residentes del recinto militar y de sus comunidades aleda\u00f1as. El Banco [&hellip;]<\/p>\n","protected":false},"author":1,"featured_media":990,"comment_status":"open","ping_status":"open","sticky":false,"template":"","format":"standard","meta":{"om_disable_all_campaigns":false,"_monsterinsights_skip_tracking":false,"_monsterinsights_sitenote_active":false,"_monsterinsights_sitenote_note":"","_monsterinsights_sitenote_category":0,"footnotes":""},"categories":[33],"tags":[76,119,232],"class_list":{"0":"post-989","1":"post","2":"type-post","3":"status-publish","4":"format-standard","5":"has-post-thumbnail","7":"category-canal-financiero","8":"tag-banco-popular-dominicano","9":"tag-popularenlinea-com","10":"tag-robo-al-banco-popular"},"aioseo_notices":[],"_links":{"self":[{"href":"https:\/\/periodicolarepublica.com\/index.php\/wp-json\/wp\/v2\/posts\/989","targetHints":{"allow":["GET"]}}],"collection":[{"href":"https:\/\/periodicolarepublica.com\/index.php\/wp-json\/wp\/v2\/posts"}],"about":[{"href":"https:\/\/periodicolarepublica.com\/index.php\/wp-json\/wp\/v2\/types\/post"}],"author":[{"embeddable":true,"href":"https:\/\/periodicolarepublica.com\/index.php\/wp-json\/wp\/v2\/users\/1"}],"replies":[{"embeddable":true,"href":"https:\/\/periodicolarepublica.com\/index.php\/wp-json\/wp\/v2\/comments?post=989"}],"version-history":[{"count":1,"href":"https:\/\/periodicolarepublica.com\/index.php\/wp-json\/wp\/v2\/posts\/989\/revisions"}],"predecessor-version":[{"id":991,"href":"https:\/\/periodicolarepublica.com\/index.php\/wp-json\/wp\/v2\/posts\/989\/revisions\/991"}],"wp:featuredmedia":[{"embeddable":true,"href":"https:\/\/periodicolarepublica.com\/index.php\/wp-json\/wp\/v2\/media\/990"}],"wp:attachment":[{"href":"https:\/\/periodicolarepublica.com\/index.php\/wp-json\/wp\/v2\/media?parent=989"}],"wp:term":[{"taxonomy":"category","embeddable":true,"href":"https:\/\/periodicolarepublica.com\/index.php\/wp-json\/wp\/v2\/categories?post=989"},{"taxonomy":"post_tag","embeddable":true,"href":"https:\/\/periodicolarepublica.com\/index.php\/wp-json\/wp\/v2\/tags?post=989"}],"curies":[{"name":"wp","href":"https:\/\/api.w.org\/{rel}","templated":true}]}}