{"id":992,"date":"2024-06-08T21:14:45","date_gmt":"2024-06-08T19:14:45","guid":{"rendered":"https:\/\/periodicolarepublica.com\/?p=992"},"modified":"2024-06-08T21:14:45","modified_gmt":"2024-06-08T19:14:45","slug":"iad-realiza-taller-con-la-ogtic-para-uso-de-portafirmas-gubernamental","status":"publish","type":"post","link":"https:\/\/periodicolarepublica.com\/index.php\/2024\/06\/08\/iad-realiza-taller-con-la-ogtic-para-uso-de-portafirmas-gubernamental\/","title":{"rendered":"IAD realiza taller con la OGTIC para uso de \u201cPortafirmas Gubernamental\u201d"},"content":{"rendered":"<p style=\"text-align: left;\"><span style=\"text-align: left;\">El Instituto Agrario Dominicano (IAD) inici\u00f3 este jueves con t\u00e9cnicos de la Oficina Gubernamental de Tecnolog\u00edas y Comunicaci\u00f3n (OGTIC) el proceso para el uso del \u201cPortafirmas Gubernamental\u201d, durante un taller en la sede central del organismo rector de la Reforma Agraria, encabezada por su director general, agr\u00f3nomo Francisco Guillermo Garc\u00eda, acompa\u00f1ado de los principales funcionarios de la instituci\u00f3n.<\/span><\/p>\n<p><img loading=\"lazy\" decoding=\"async\" class=\"alignnone size-medium wp-image-993\" src=\"https:\/\/periodicolarepublica.com\/wp-content\/uploads\/2024\/06\/IMG-20240608-WA0003-300x225.jpg\" alt=\"\" width=\"300\" height=\"225\" srcset=\"https:\/\/periodicolarepublica.com\/wp-content\/uploads\/2024\/06\/IMG-20240608-WA0003-300x225.jpg?v=1717873968 300w, https:\/\/periodicolarepublica.com\/wp-content\/uploads\/2024\/06\/IMG-20240608-WA0003-1024x768.jpg?v=1717873968 1024w, https:\/\/periodicolarepublica.com\/wp-content\/uploads\/2024\/06\/IMG-20240608-WA0003-768x576.jpg?v=1717873968 768w, https:\/\/periodicolarepublica.com\/wp-content\/uploads\/2024\/06\/IMG-20240608-WA0003-1536x1152.jpg?v=1717873968 1536w, https:\/\/periodicolarepublica.com\/wp-content\/uploads\/2024\/06\/IMG-20240608-WA0003-2048x1536.jpg?v=1717873968 2048w, https:\/\/periodicolarepublica.com\/wp-content\/uploads\/2024\/06\/IMG-20240608-WA0003-150x113.jpg?v=1717873968 150w, https:\/\/periodicolarepublica.com\/wp-content\/uploads\/2024\/06\/IMG-20240608-WA0003-600x450.jpg?v=1717873968 600w, https:\/\/periodicolarepublica.com\/wp-content\/uploads\/2024\/06\/IMG-20240608-WA0003-696x522.jpg?v=1717873968 696w, https:\/\/periodicolarepublica.com\/wp-content\/uploads\/2024\/06\/IMG-20240608-WA0003-1392x1044.jpg?v=1717873968 1392w, https:\/\/periodicolarepublica.com\/wp-content\/uploads\/2024\/06\/IMG-20240608-WA0003-1068x801.jpg?v=1717873968 1068w, https:\/\/periodicolarepublica.com\/wp-content\/uploads\/2024\/06\/IMG-20240608-WA0003-1920x1440.jpg?v=1717873968 1920w, https:\/\/periodicolarepublica.com\/wp-content\/uploads\/2024\/06\/IMG-20240608-WA0003-265x198.jpg?v=1717873968 265w, https:\/\/periodicolarepublica.com\/wp-content\/uploads\/2024\/06\/IMG-20240608-WA0003-530x396.jpg?v=1717873968 530w\" sizes=\"auto, (max-width: 300px) 100vw, 300px\" \/><\/p>\n<p style=\"text-align: left;\">El tema central del taller fue una inducci\u00f3n para el uso del \u201cPortafirmas Gubernamental\u201d, cuyo objetivo es contribuir a economizar tiempo y recursos en los procesos burocr\u00e1ticos oficiales.<\/p>\n<p style=\"text-align: left;\">Los representantes de la OGTIC, encabezados por la ingeniera Australia Almonte, junto a los t\u00e9cnicos Israel Mej\u00eda y Lian Ram\u00edrez, fueron presentados por Walixson N\u00fa\u00f1ez, encargado del Departamento de Tecnolog\u00eda de la Informaci\u00f3n y Comunicaci\u00f3n del IAD (TIC), quien destac\u00f3 el avance que significa para la entidad el uso de firmas digitales para sus documentos institucionales en el marco del proceso de transformaci\u00f3n iniciado por instrucciones del presidente Luis Abinader.<\/p>\n","protected":false},"excerpt":{"rendered":"<p>El Instituto Agrario Dominicano (IAD) inici\u00f3 este jueves con t\u00e9cnicos de la Oficina Gubernamental de Tecnolog\u00edas y Comunicaci\u00f3n (OGTIC) el proceso para el uso del \u201cPortafirmas Gubernamental\u201d, durante un taller en la sede central del organismo rector de la Reforma Agraria, encabezada por su director general, agr\u00f3nomo Francisco Guillermo Garc\u00eda, acompa\u00f1ado de los principales funcionarios [&hellip;]<\/p>\n","protected":false},"author":6,"featured_media":993,"comment_status":"open","ping_status":"open","sticky":false,"template":"","format":"standard","meta":{"om_disable_all_campaigns":false,"_monsterinsights_skip_tracking":false,"_monsterinsights_sitenote_active":false,"_monsterinsights_sitenote_note":"","_monsterinsights_sitenote_category":0,"footnotes":""},"categories":[1],"tags":[],"class_list":{"0":"post-992","1":"post","2":"type-post","3":"status-publish","4":"format-standard","5":"has-post-thumbnail","7":"category-nacionales"},"aioseo_notices":[],"_links":{"self":[{"href":"https:\/\/periodicolarepublica.com\/index.php\/wp-json\/wp\/v2\/posts\/992","targetHints":{"allow":["GET"]}}],"collection":[{"href":"https:\/\/periodicolarepublica.com\/index.php\/wp-json\/wp\/v2\/posts"}],"about":[{"href":"https:\/\/periodicolarepublica.com\/index.php\/wp-json\/wp\/v2\/types\/post"}],"author":[{"embeddable":true,"href":"https:\/\/periodicolarepublica.com\/index.php\/wp-json\/wp\/v2\/users\/6"}],"replies":[{"embeddable":true,"href":"https:\/\/periodicolarepublica.com\/index.php\/wp-json\/wp\/v2\/comments?post=992"}],"version-history":[{"count":1,"href":"https:\/\/periodicolarepublica.com\/index.php\/wp-json\/wp\/v2\/posts\/992\/revisions"}],"predecessor-version":[{"id":994,"href":"https:\/\/periodicolarepublica.com\/index.php\/wp-json\/wp\/v2\/posts\/992\/revisions\/994"}],"wp:featuredmedia":[{"embeddable":true,"href":"https:\/\/periodicolarepublica.com\/index.php\/wp-json\/wp\/v2\/media\/993"}],"wp:attachment":[{"href":"https:\/\/periodicolarepublica.com\/index.php\/wp-json\/wp\/v2\/media?parent=992"}],"wp:term":[{"taxonomy":"category","embeddable":true,"href":"https:\/\/periodicolarepublica.com\/index.php\/wp-json\/wp\/v2\/categories?post=992"},{"taxonomy":"post_tag","embeddable":true,"href":"https:\/\/periodicolarepublica.com\/index.php\/wp-json\/wp\/v2\/tags?post=992"}],"curies":[{"name":"wp","href":"https:\/\/api.w.org\/{rel}","templated":true}]}}