{"id":995,"date":"2024-06-08T21:26:44","date_gmt":"2024-06-08T19:26:44","guid":{"rendered":"https:\/\/periodicolarepublica.com\/?p=995"},"modified":"2024-06-08T21:26:44","modified_gmt":"2024-06-08T19:26:44","slug":"ogtic-gran-expectativa-ante-premios-latam-digital-2024","status":"publish","type":"post","link":"https:\/\/periodicolarepublica.com\/index.php\/2024\/06\/08\/ogtic-gran-expectativa-ante-premios-latam-digital-2024\/","title":{"rendered":"OGTIC gran expectativa ante premios LATAM Digital 2024"},"content":{"rendered":"<p>La Oficina Gubernamental de Tecnolog\u00edas de la Informaci\u00f3n y Comunicaci\u00f3n (OGTIC) se ha destacado por su labor en la implementaci\u00f3n de tecnolog\u00eda en diversos sectores del gobierno dominicano, buscando siempre mejorar la eficiencia y transparencia en la gesti\u00f3n p\u00fablica.<\/p>\n<p><img loading=\"lazy\" decoding=\"async\" class=\"alignnone size-medium wp-image-996 alignright\" src=\"https:\/\/periodicolarepublica.com\/wp-content\/uploads\/2024\/06\/Picsart_24-06-08_15-22-34-391-300x169.jpg\" alt=\"\" width=\"300\" height=\"169\" srcset=\"https:\/\/periodicolarepublica.com\/wp-content\/uploads\/2024\/06\/Picsart_24-06-08_15-22-34-391-300x169.jpg?v=1717874643 300w, https:\/\/periodicolarepublica.com\/wp-content\/uploads\/2024\/06\/Picsart_24-06-08_15-22-34-391-1024x577.jpg?v=1717874643 1024w, https:\/\/periodicolarepublica.com\/wp-content\/uploads\/2024\/06\/Picsart_24-06-08_15-22-34-391-768x433.jpg?v=1717874643 768w, https:\/\/periodicolarepublica.com\/wp-content\/uploads\/2024\/06\/Picsart_24-06-08_15-22-34-391-1536x865.jpg?v=1717874643 1536w, https:\/\/periodicolarepublica.com\/wp-content\/uploads\/2024\/06\/Picsart_24-06-08_15-22-34-391-150x85.jpg?v=1717874643 150w, https:\/\/periodicolarepublica.com\/wp-content\/uploads\/2024\/06\/Picsart_24-06-08_15-22-34-391-600x338.jpg?v=1717874643 600w, https:\/\/periodicolarepublica.com\/wp-content\/uploads\/2024\/06\/Picsart_24-06-08_15-22-34-391-696x392.jpg?v=1717874643 696w, https:\/\/periodicolarepublica.com\/wp-content\/uploads\/2024\/06\/Picsart_24-06-08_15-22-34-391-1392x784.jpg?v=1717874643 1392w, https:\/\/periodicolarepublica.com\/wp-content\/uploads\/2024\/06\/Picsart_24-06-08_15-22-34-391-1068x602.jpg?v=1717874643 1068w, https:\/\/periodicolarepublica.com\/wp-content\/uploads\/2024\/06\/Picsart_24-06-08_15-22-34-391.jpg?v=1717874643 1917w\" sizes=\"auto, (max-width: 300px) 100vw, 300px\" \/><\/p>\n<p>Bartolom\u00e9 Pujals, director general de la OGTIC, ha liderado un equipo comprometido con la democratizaci\u00f3n de la oportunidad a trav\u00e9s de la implementaci\u00f3n de tecnolog\u00edas y servicios innovadores que permitan construir una Rep\u00fablica Dominicana a prueba de futuro.<\/p>\n<p>Es por ello que la OGTIC ha sido seleccionada como finalista en los pr\u00f3ximos Premios Latam Digital 2024, una prestigiosa premiaci\u00f3n que reconoce la excelencia en el uso de tecnolog\u00eda y comunicaci\u00f3n en Am\u00e9rica Latina.<\/p>\n<p>La labor de la OGTIC ha sido fundamental en la digitalizaci\u00f3n de los servicios p\u00fablicos, facilitando el acceso de la poblaci\u00f3n a tr\u00e1mites y servicios de manera \u00e1gil y segura. Adem\u00e1s, ha implementado programas de capacitaci\u00f3n en tecnolog\u00eda para diversos sectores de la sociedad, buscando reducir la brecha digital y fomentar la inclusi\u00f3n digital.<\/p>\n<p>El trabajo de la OGTIC ha sido reconocido a nivel internacional por su impacto positivo en la sociedad dominicana, y su nominaci\u00f3n como finalista en los Premios Latam Digital 2024 es un merecido reconocimiento a su labor.<\/p>\n<p>Sin duda, la OGTIC y su director, Bartolom\u00e9 Pujals, son un ejemplo de c\u00f3mo la tecnolog\u00eda puede ser utilizada de manera efectiva para mejorar la calidad de vida de la poblaci\u00f3n y construir un futuro prometedor para el pa\u00eds.<\/p>\n","protected":false},"excerpt":{"rendered":"<p>La Oficina Gubernamental de Tecnolog\u00edas de la Informaci\u00f3n y Comunicaci\u00f3n (OGTIC) se ha destacado por su labor en la implementaci\u00f3n de tecnolog\u00eda en diversos sectores del gobierno dominicano, buscando siempre mejorar la eficiencia y transparencia en la gesti\u00f3n p\u00fablica. Bartolom\u00e9 Pujals, director general de la OGTIC, ha liderado un equipo comprometido con la democratizaci\u00f3n de [&hellip;]<\/p>\n","protected":false},"author":1,"featured_media":996,"comment_status":"open","ping_status":"open","sticky":false,"template":"","format":"standard","meta":{"om_disable_all_campaigns":false,"_monsterinsights_skip_tracking":false,"_monsterinsights_sitenote_active":false,"_monsterinsights_sitenote_note":"","_monsterinsights_sitenote_category":0,"footnotes":""},"categories":[1],"tags":[234,233],"class_list":{"0":"post-995","1":"post","2":"type-post","3":"status-publish","4":"format-standard","5":"has-post-thumbnail","7":"category-nacionales","8":"tag-bartolome-pujals","9":"tag-ogtic-com"},"aioseo_notices":[],"_links":{"self":[{"href":"https:\/\/periodicolarepublica.com\/index.php\/wp-json\/wp\/v2\/posts\/995","targetHints":{"allow":["GET"]}}],"collection":[{"href":"https:\/\/periodicolarepublica.com\/index.php\/wp-json\/wp\/v2\/posts"}],"about":[{"href":"https:\/\/periodicolarepublica.com\/index.php\/wp-json\/wp\/v2\/types\/post"}],"author":[{"embeddable":true,"href":"https:\/\/periodicolarepublica.com\/index.php\/wp-json\/wp\/v2\/users\/1"}],"replies":[{"embeddable":true,"href":"https:\/\/periodicolarepublica.com\/index.php\/wp-json\/wp\/v2\/comments?post=995"}],"version-history":[{"count":1,"href":"https:\/\/periodicolarepublica.com\/index.php\/wp-json\/wp\/v2\/posts\/995\/revisions"}],"predecessor-version":[{"id":997,"href":"https:\/\/periodicolarepublica.com\/index.php\/wp-json\/wp\/v2\/posts\/995\/revisions\/997"}],"wp:featuredmedia":[{"embeddable":true,"href":"https:\/\/periodicolarepublica.com\/index.php\/wp-json\/wp\/v2\/media\/996"}],"wp:attachment":[{"href":"https:\/\/periodicolarepublica.com\/index.php\/wp-json\/wp\/v2\/media?parent=995"}],"wp:term":[{"taxonomy":"category","embeddable":true,"href":"https:\/\/periodicolarepublica.com\/index.php\/wp-json\/wp\/v2\/categories?post=995"},{"taxonomy":"post_tag","embeddable":true,"href":"https:\/\/periodicolarepublica.com\/index.php\/wp-json\/wp\/v2\/tags?post=995"}],"curies":[{"name":"wp","href":"https:\/\/api.w.org\/{rel}","templated":true}]}}