{"id":999,"date":"2024-06-11T16:13:50","date_gmt":"2024-06-11T14:13:50","guid":{"rendered":"https:\/\/periodicolarepublica.com\/?p=999"},"modified":"2024-06-11T16:13:50","modified_gmt":"2024-06-11T14:13:50","slug":"presidente-abinader-profundizara-el-cambio-y-las-cosas-buenas-del-pais-segun-expresa-ing-tomas-hernandez-alberto","status":"publish","type":"post","link":"https:\/\/periodicolarepublica.com\/index.php\/2024\/06\/11\/presidente-abinader-profundizara-el-cambio-y-las-cosas-buenas-del-pais-segun-expresa-ing-tomas-hernandez-alberto\/","title":{"rendered":"Presidente Abinader profundizar\u00e1 el cambio y las cosas buenas del pa\u00eds, seg\u00fan expresa Ing. Tom\u00e1s Hern\u00e1ndez Alberto"},"content":{"rendered":"\r\n<p><img loading=\"lazy\" decoding=\"async\" class=\"size-medium wp-image-1016 alignright\" src=\"https:\/\/periodicolarepublica.com\/wp-content\/uploads\/2024\/06\/20240611_085904-300x225.jpg\" alt=\"\" width=\"300\" height=\"225\" srcset=\"https:\/\/periodicolarepublica.com\/wp-content\/uploads\/2024\/06\/20240611_085904-300x225.jpg?v=1718115192 300w, https:\/\/periodicolarepublica.com\/wp-content\/uploads\/2024\/06\/20240611_085904-1024x768.jpg?v=1718115192 1024w, https:\/\/periodicolarepublica.com\/wp-content\/uploads\/2024\/06\/20240611_085904-768x576.jpg?v=1718115192 768w, https:\/\/periodicolarepublica.com\/wp-content\/uploads\/2024\/06\/20240611_085904-1536x1152.jpg?v=1718115192 1536w, https:\/\/periodicolarepublica.com\/wp-content\/uploads\/2024\/06\/20240611_085904-2048x1536.jpg?v=1718115192 2048w, https:\/\/periodicolarepublica.com\/wp-content\/uploads\/2024\/06\/20240611_085904-150x113.jpg?v=1718115192 150w, https:\/\/periodicolarepublica.com\/wp-content\/uploads\/2024\/06\/20240611_085904-600x450.jpg?v=1718115192 600w, https:\/\/periodicolarepublica.com\/wp-content\/uploads\/2024\/06\/20240611_085904-696x522.jpg?v=1718115192 696w, https:\/\/periodicolarepublica.com\/wp-content\/uploads\/2024\/06\/20240611_085904-1392x1044.jpg?v=1718115192 1392w, https:\/\/periodicolarepublica.com\/wp-content\/uploads\/2024\/06\/20240611_085904-1068x801.jpg?v=1718115192 1068w, https:\/\/periodicolarepublica.com\/wp-content\/uploads\/2024\/06\/20240611_085904-1920x1440.jpg?v=1718115192 1920w, https:\/\/periodicolarepublica.com\/wp-content\/uploads\/2024\/06\/20240611_085904-265x198.jpg?v=1718115192 265w, https:\/\/periodicolarepublica.com\/wp-content\/uploads\/2024\/06\/20240611_085904-530x396.jpg?v=1718115192 530w\" sizes=\"auto, (max-width: 300px) 100vw, 300px\" \/>En una entrevista reciente en el programa Hoy Mismo de la cadena S\u00faper7, el Ing. Tom\u00e1s Hern\u00e1ndez Alberto, experto en temas agr\u00f3nomo sociales, expres\u00f3 que el presidente Luis Abinader ahora tiene la intenci\u00f3n de profundizar el cambio y potenciar las cosas buenas que se han logrado en el pa\u00eds. <br \/><br \/>Declaraciones del Ing. Tom\u00e1s Hern\u00e1ndez Alberto: <br \/><br \/>\u00abEl presidente Abinader ha demostrado su compromiso con impulsar un verdadero cambio en Rep\u00fablica Dominicana. Ahora, en esta nueva etapa de su gobierno, vemos su determinaci\u00f3n por profundizar a\u00fan m\u00e1s esas mejoras y continuar llevando a nuestro pa\u00eds por el camino correcto\u00bb. <br \/><br \/>\u00abSon muchos los avances que se han dado en \u00e1reas clave como la econom\u00eda, la educaci\u00f3n y la infraestructura. El presidente Abinader tiene la visi\u00f3n y la voluntad pol\u00edtica para consolidar esos logros y generar un impacto a\u00fan m\u00e1s positivo en la vida de todos los dominicanos\u00bb.<\/p>\r\n","protected":false},"excerpt":{"rendered":"<p>En una entrevista reciente en el programa Hoy Mismo de la cadena S\u00faper7, el Ing. Tom\u00e1s Hern\u00e1ndez Alberto, experto en temas agr\u00f3nomo sociales, expres\u00f3 que el presidente Luis Abinader ahora tiene la intenci\u00f3n de profundizar el cambio y potenciar las cosas buenas que se han logrado en el pa\u00eds. Declaraciones del Ing. Tom\u00e1s Hern\u00e1ndez Alberto: [&hellip;]<\/p>\n","protected":false},"author":6,"featured_media":1016,"comment_status":"open","ping_status":"open","sticky":false,"template":"","format":"standard","meta":{"om_disable_all_campaigns":false,"_monsterinsights_skip_tracking":false,"_monsterinsights_sitenote_active":false,"_monsterinsights_sitenote_note":"","_monsterinsights_sitenote_category":0,"footnotes":""},"categories":[1],"tags":[164,163],"class_list":{"0":"post-999","1":"post","2":"type-post","3":"status-publish","4":"format-standard","5":"has-post-thumbnail","7":"category-nacionales","8":"tag-movimiento-poder-pal-pueblo","9":"tag-tomas-hernandez-alberto"},"aioseo_notices":[],"_links":{"self":[{"href":"https:\/\/periodicolarepublica.com\/index.php\/wp-json\/wp\/v2\/posts\/999","targetHints":{"allow":["GET"]}}],"collection":[{"href":"https:\/\/periodicolarepublica.com\/index.php\/wp-json\/wp\/v2\/posts"}],"about":[{"href":"https:\/\/periodicolarepublica.com\/index.php\/wp-json\/wp\/v2\/types\/post"}],"author":[{"embeddable":true,"href":"https:\/\/periodicolarepublica.com\/index.php\/wp-json\/wp\/v2\/users\/6"}],"replies":[{"embeddable":true,"href":"https:\/\/periodicolarepublica.com\/index.php\/wp-json\/wp\/v2\/comments?post=999"}],"version-history":[{"count":2,"href":"https:\/\/periodicolarepublica.com\/index.php\/wp-json\/wp\/v2\/posts\/999\/revisions"}],"predecessor-version":[{"id":1017,"href":"https:\/\/periodicolarepublica.com\/index.php\/wp-json\/wp\/v2\/posts\/999\/revisions\/1017"}],"wp:featuredmedia":[{"embeddable":true,"href":"https:\/\/periodicolarepublica.com\/index.php\/wp-json\/wp\/v2\/media\/1016"}],"wp:attachment":[{"href":"https:\/\/periodicolarepublica.com\/index.php\/wp-json\/wp\/v2\/media?parent=999"}],"wp:term":[{"taxonomy":"category","embeddable":true,"href":"https:\/\/periodicolarepublica.com\/index.php\/wp-json\/wp\/v2\/categories?post=999"},{"taxonomy":"post_tag","embeddable":true,"href":"https:\/\/periodicolarepublica.com\/index.php\/wp-json\/wp\/v2\/tags?post=999"}],"curies":[{"name":"wp","href":"https:\/\/api.w.org\/{rel}","templated":true}]}}