{"id":259,"count":2,"description":"","link":"https:\/\/periodicolarepublica.com\/index.php\/tag\/ministerio-de-educacion-superior-y-tecnologia-franklin-garcia\/","name":"Ministerio de educaci\u00f3n superior y tecnolog\u00eda Franklin Garc\u00eda","slug":"ministerio-de-educacion-superior-y-tecnologia-franklin-garcia","taxonomy":"post_tag","meta":[],"_links":{"self":[{"href":"https:\/\/periodicolarepublica.com\/index.php\/wp-json\/wp\/v2\/tags\/259","targetHints":{"allow":["GET"]}}],"collection":[{"href":"https:\/\/periodicolarepublica.com\/index.php\/wp-json\/wp\/v2\/tags"}],"about":[{"href":"https:\/\/periodicolarepublica.com\/index.php\/wp-json\/wp\/v2\/taxonomies\/post_tag"}],"wp:post_type":[{"href":"https:\/\/periodicolarepublica.com\/index.php\/wp-json\/wp\/v2\/posts?tags=259"}],"curies":[{"name":"wp","href":"https:\/\/api.w.org\/{rel}","templated":true}]}}