{"id":1,"name":"Maximo Mi\u00f1oso","url":"https:\/\/periodicolarepublica.com\/","description":"Maximo Mi\u00f1oso Santoni, Lic. en derecho, Dominicano. Opini\u00f3n p\u00fablica en el programa La Rep\u00fablica. Director Instituto de Capacitaci\u00f3n Juridica Pol\u00edtica y Social ICAP @institutoicap","link":"https:\/\/periodicolarepublica.com\/index.php\/author\/periodicolarepublica-com\/","slug":"periodicolarepublica-com","avatar_urls":{"24":"https:\/\/periodicolarepublica.com\/wp-content\/uploads\/2023\/12\/maximo-perfil-photo-150x150.jpeg?v=1715379847","48":"https:\/\/periodicolarepublica.com\/wp-content\/uploads\/2023\/12\/maximo-perfil-photo-150x150.jpeg?v=1715379847","96":"https:\/\/periodicolarepublica.com\/wp-content\/uploads\/2023\/12\/maximo-perfil-photo-150x150.jpeg?v=1715379847"},"meta":[],"_links":{"self":[{"href":"https:\/\/periodicolarepublica.com\/index.php\/wp-json\/wp\/v2\/users\/1","targetHints":{"allow":["GET"]}}],"collection":[{"href":"https:\/\/periodicolarepublica.com\/index.php\/wp-json\/wp\/v2\/users"}]}}